
{"id":10900,"date":"2023-03-29T11:59:00","date_gmt":"2023-03-29T09:59:00","guid":{"rendered":"https:\/\/openbaararchief.nl\/caribic\/?p=10900"},"modified":"2024-02-28T16:29:02","modified_gmt":"2024-02-28T16:29:02","slug":"conservatieven-in-de-vs-willen-dat-het-cubaanse-volk-zijn-eigen-regering-omverwerpt-of-anders","status":"publish","type":"post","link":"https:\/\/www.cubasolidair.nl\/?p=10900","title":{"rendered":"Conservatieven in de VS willen dat het Cubaanse volk zijn eigen regering omverwerpt, of anders\u2026"},"content":{"rendered":"\n<p>Bron:<a href=\"https:\/\/peoplesdispatch.org\/2023\/03\/29\/conservatives-in-the-us-want-the-cuban-people-to-overthrow-their-own-government-or-else\/\"> peoplesdispatch 29 maart 2023 <\/a>~~~<\/p>\n\n\n\n<p>Republikeinse politici willen Cuba op de lijst van Staatssponsoren van Terrorisme houden tenzij de Cubanen &#8220;zich losmaken van het Castro-regime&#8221;.<\/p>\n\n\n\n<!--more-->\n\n\n\n<p>Kinderen van de jongerenorganisatie Jos\u00e9 Mart\u00ed Pioneers gaan vrijwillig naar de Cubaanse stembus tijdens de gemeenteraadsverkiezingen van november 2022.<\/p>\n\n\n\n<p>Op 28 maart, slechts twee dagen nadat Cuba nationale verkiezingen had gehouden, hebben conservatieven in het Amerikaanse Congres met succes wetgeving doorgedrukt in de Commissie Buitenlandse Zaken van het Huis van Afgevaardigden waarmee de aanwijzing van Cuba als <a href=\"https:\/\/peoplesdispatch.org\/2021\/01\/12\/us-designates-cuba-as-a-sponsor-of-terrorism\/\">staatsponsor van terrorisme <\/a>in de wet wordt vastgelegd. De &#8220;Fighting Oppression until the Reign of Castro Ends Act&#8221; (FORCE Act) werd ingediend door vertegenwoordiger Maria Salazar, een conservatief en dochter van Cubaanse ballingen uit Miami. Een senaatsversie van deze wet is ingediend door de senatoren Rick Scott, Marco Rubio en Ted Cruz. In de komende weken zal het hele Huis van Afgevaardigden over het wetsvoorstel stemmen.<\/p>\n\n\n\n<p>Cuba werd in januari 2021, tijdens het ultraconservatieve presidentschap van Donald Trump, opgenomen op de zeer gepolitiseerde Amerikaanse lijst van staatsponsoren van terrorisme. Deze vermelding heeft het leven van de Cubaanse bevolking ernstig geschaad, aangezien veel bedrijven en financi\u00eble instellingen in andere landen weigeren zaken te doen met Cuba uit angst voor vergelding door de VS. Als gevolg daarvan blijft Cuba kampen met tekorten aan grondstoffen en dagelijkse levensbehoeften zoals medicijnen en brandstof. Op dit moment kan Biden Cuba <a href=\"https:\/\/peoplesdispatch.org\/2022\/07\/09\/cuba-should-be-removed-from-the-us-list-of-state-sponsors-of-terrorism\/\">met \u00e9\u00e9n pennenstreek <\/a>van deze lijst schrappen. Als Salazar&#8217;s wetsvoorstel wordt aangenomen, wordt het bijna onmogelijk.<\/p>\n\n\n\n<p>Salazar&#8217;s wetsvoorstel zou het onmogelijk maken voor Cuba om van de lijst van Staats Sponsors van Terrorisme verwijderd te worden, tenzij het land voldoet aan<a href=\"https:\/\/salazar.house.gov\/media\/press-releases\/representative-salazar-reintroduces-force-act-keep-cuban-communist-regime\"> drie onmogelijke criteria:<\/a> &#8220;alle politieke gevangenen vrijlaten en Cubaanse gevangenissen laten onderzoeken door internationale mensenrechtenorganisaties&#8221;, &#8220;het regime van Castro omvormen tot een systeem dat de rechten van het Cubaanse volk waarborgt om zich vrij te uiten&#8221; en &#8220;vrije en eerlijke verkiezingen houden&#8221;.<\/p>\n\n\n\n<p>In wezen eist Salazar dat het Cubaanse volk zijn eigen regering omverwerpt en het Cubaanse politieke systeem opgeeft dat de afgelopen 60 jaar door en voor het volk is opgebouwd. De triomf van de Cubaanse revolutie in 1959 bracht aanzienlijke vooruitgang op het gebied van gezondheidszorg, sociale rechten en de materi\u00eble omstandigheden van de Cubaanse bevolking in het algemeen. Tot de omstandigheden van v\u00f3\u00f3r de revolutie behoorden een <a href=\"https:\/\/peoplesdispatch.org\/2022\/07\/06\/how-cuba-is-eradicating-child-mortality-and-banishing-the-diseases-of-the-poor\/\">hoge kindersterfte<\/a>, <a href=\"https:\/\/www.telesurenglish.net\/analysis\/10-Things-to-Know-About-Revolutionary-Cubas-Literacy-Program-20160908-0007.html\">60% alfabetisering<\/a>, <a href=\"https:\/\/peoplesdispatch.org\/2022\/07\/06\/how-cuba-is-eradicating-child-mortality-and-banishing-the-diseases-of-the-poor\/\">armoedeziekten<\/a> en <a href=\"https:\/\/www.workers.org\/2007\/world\/lavender-red-91\/\">seksuele uitbuiting en sexhandel<\/a>.<\/p>\n\n\n\n<p>Vertegenwoordiger Carlos Gim\u00e9nez van Florida, een voorstander van de FORCE Act, hekelde Cuba voor &#8220;het herbergen van voortvluchtigen van de Amerikaanse justitie en voor het onrechtmatig veroordelen van duizenden politieke gevangenen in kangoeroe-rechtbanken in de nasleep van de beweging van 11 juli 2021&#8221;. Maar de Verenigde Staten worden al tientallen jaren bekritiseerd voor hun detentie en marteling van<a href=\"https:\/\/peoplesdispatch.org\/2022\/08\/19\/black-august-jalil-muntaqim-on-the-black-liberation-struggle-inside-and-outside-prison-walls\/\"> diverse politieke gevangenen<\/a>, van wie velen deel uitmaken van de zwarte bevrijdingsstrijd. Cuba verleende asiel aan \u00e9\u00e9n van die gevangenen, Assata Shakur, een zwarte bevrijdingsstrijder die gevangen werd genomen en bijna werd gedood door de Amerikaanse politie. Tot op heden eist de Amerikaanse regering, woedend over haar geslaagde ontsnapping,<a href=\"https:\/\/peoplesdispatch.org\/2021\/01\/12\/the-trump-administrations-parting-outrage-against-cuba\/\"> haar uitlevering<\/a>.<\/p>\n\n\n\n<p>Salazars implicatie dat Cubanen zich niet &#8220;vrijelijk kunnen uiten&#8221; gaat in tegen de ervaringen van velen op het eiland, vooral omdat het land onlangs de meest progressieve <a href=\"https:\/\/peoplesdispatch.org\/2022\/09\/26\/cubans-just-ratified-the-worlds-most-progressive-family-code\/\">gezinswet <\/a>ter wereld heeft aangenomen, waarmee de weg is vrijgemaakt voor de rechten van LGBTQ, ouderen, gehandicapten, vrouwen en kinderen. Het Cubaanse volk heeft niet alleen voor de nieuwe wet gestemd, maar heeft via de volksraadpleging een <a href=\"https:\/\/peoplesdispatch.org\/2023\/03\/23\/how-the-cuban-government-and-its-people-collaborated-on-the-family-code\/\">sleutelrol<\/a> gespeeld bij de totstandkoming ervan.<\/p>\n\n\n\n<p>Een centrale beschuldiging van de FORCE Act is dat Cuba nog geen &#8220;vrije en eerlijke verkiezingen&#8221; houdt. Cuba heeft op 26 maart nationale verkiezingen gehouden, waarbij meer dan 75% van de kiesgerechtigde bevolking is gaan stemmen. Een indrukwekkende prestatie in elke context, vooral omdat de opkomst voor de laatste Amerikaanse presidentsverkiezingen 66,2% bedroeg, wat als <a href=\"https:\/\/www.pewresearch.org\/fact-tank\/2021\/01\/28\/turnout-soared-in-2020-as-nearly-two-thirds-of-eligible-u-s-voters-cast-ballots-for-president\/\">een record <\/a>werd beschouwd. En toch werd in de berichtgeving over de Cubaanse verkiezingen in de Amerikaanse media alleen aandacht besteed aan de <a href=\"https:\/\/abcnews.go.com\/International\/wireStory\/voter-abstention-rises-cuban-national-assembly-election-98166042\">onthouding<\/a> van 25%, ondanks het feit dat de opkomst hoger was dan in de twee voorgaande jaren omdat de pandemie een tol eiste van de opkomst.<\/p>\n\n\n\n<p>Kritiek op het Cubaanse verkiezingsproces vanuit Washington of Miami wijst vaak op het gebrek aan campagne voeren of het feit dat kandidaten geen tegenstand krijgen, alsmede op beweringen dat de communistische partij het politieke systeem domineert. De cyclus van eindeloos campagne voeren in de Verenigde Staten zorgt er echter vaak voor dat alleen degenen met het meeste besteedbare inkomen slagen door hun boodschap zo luid te projecteren als het geld toelaat. &#8220;Geld in de politiek&#8221; is in de VS een heet hangijzer geworden, waarbij progressieven zoals Bernie Sanders <a href=\"https:\/\/berniesanders.com\/issues\/money-out-of-politics\/\">initiatieven<\/a> nemen tegen de flagrante ongelijkheid die inherent is aan de campagnecycli.<\/p>\n\n\n\n<p>Kandidaten zijn alleen in het laatste deel van het verkiezingsproces onbestreden, maar ze worden in eerste instantie <a href=\"https:\/\/peoplesdispatch.org\/2023\/03\/26\/peoples-power-is-at-the-heart-of-the-cuban-political-system-llanisca-lugo\/\">voorgedragen vanuit de gemeenschappen waar ze vandaan komen<\/a>, of vanuit basisorganisaties van vrouwen, boeren, arbeiders en anderen. &#8220;Dat is het succes van onze stem,&#8221; vertelde L\u00e1zara Vivian Urrutia N\u00e1poles, algemeen secretaris van de Federatie van Cubaanse Vrouwenblokken van District 80 Playa, tijdens de gemeenteraadsverkiezingen van november 2022 aan Peoples Dispatch. &#8220;Juist de eenheid die wordt gekozen vanuit de basis, vanuit de gemeenschap.&#8221; Met andere woorden, Cubaanse mensen stemmen niet zomaar op kandidaten in het allerlaatste deel van het verkiezingsproces, zoals in de VS. Cubanen zijn vanaf het begin betrokken bij het kiesstelsel door middel van het voordragen van kandidaten door gemeenschappen en organisaties.<\/p>\n\n\n\n<p>Kiezers kunnen zo jong zijn als 16 jaar en de kandidaten zelf zo jong als 18 jaar. Kandidaten hoeven niet tot de communistische partij te behoren. Eenmaal gekozen, ontvangen de leden van de Nationale Vergadering geen salaris voor hun werk als politiek ambtenaar; zij moeten hun dagelijks leven voortzetten als arbeiders, naast de rest van de Cubaanse bevolking.<\/p>\n\n\n\n<p>Dit jaar kende een <a href=\"https:\/\/peoplesdispatch.org\/2023\/03\/01\/understand-cubas-upcoming-national-assembly-elections\/\">record aan diversiteit <\/a>van kandidaten, met het grootste aantal zwarten, vrouwen en jongeren in de Cubaanse geschiedenis. De meeste kandidaten zijn vrouwen, en 98 van de 470 zijn jonger dan 35 jaar. &#8220;Sinds <a href=\"https:\/\/peoplesdispatch.org\/2022\/07\/29\/the-cuban-people-will-not-be-defeated\/\">Moncada<\/a> hebben [Cubaanse revolutionairen vrouwen] mondiger gemaakt, en daarom zijn er vandaag zoveel vrouwen genomineerd op alle terreinen van de revolutie. In de hele economie van het land zijn vrouwen aanwezig,&#8221; zei N\u00e1poles. &#8220;De revolutie heeft altijd rekening gehouden met kinderen en jongeren, en het is de jeugd die werkelijk alle processen leidt of de continu\u00efteit van de processen die we hebben.&#8221;<\/p>\n\n\n\n<p>Er is een <a href=\"https:\/\/secure.everyaction.com\/cveVHu7NeEWr2R3ib_-OWQ2\">campagne<\/a> gestart door Amerikaanse vredesgroepen om gekozen functionarissen op te roepen zich te verzetten tegen de FORCE Act.<\/p>\n\n\n\n<hr class=\"wp-block-separator has-alpha-channel-opacity\"\/>\n\n\n\n<ul class=\"wp-block-list\">\n<li><a href=\"https:\/\/openbaararchief.nl\/caribic\/2023\/03\/26\/cubanen-trokken-massaal-naar-de-stembus\/\">Cubanen trokken massaal naar de stembus<\/a> &#8211; Charles Luca cubanismo op 26 maart 2023<\/li>\n\n\n\n<li><a href=\"https:\/\/openbaararchief.nl\/caribic\/2023\/03\/26\/de-macht-van-het-volk-vormt-de-kern-van-het-cubaanse-politieke-systeem-llanisca-lugo\/\">De macht van het volk vormt de kern van het Cubaanse politieke systeem: Llanisca Lugo<\/a> &#8211; Zoe Alexandra, interview met Peoples Dispatch 26 maart 2023<\/li>\n\n\n\n<li><a href=\"https:\/\/openbaararchief.nl\/caribic\/2023\/03\/22\/cubas-banden-met-de-arabische-wereld\/\">Cuba\u2019s banden met de Arabische wereld: Al Mayadeen interviewt Cubaans president Miguel Diaz-Canel (III)<\/a> \u2013 Al Mayadeen Netwerk, 21 Maart 2023<\/li>\n\n\n\n<li><a href=\"https:\/\/openbaararchief.nl\/caribic\/2023\/03\/22\/havana-en-de-wereld_interview\/\">Havana en de wereld: Al Mayadeen interviewt Cubaaans president Miguel Diaz-Canel (II)<\/a><\/li>\n\n\n\n<li><a href=\"https:\/\/openbaararchief.nl\/caribic\/2023\/03\/19\/cuba-revolutie-vs-embargo\/\">Cuba-revolutie, VS-embargo: Al Mayadeen interviewt Cubaanse president Miguel Diaz-Canel (I)<\/a> \u2013 Al Mayadeen, 19 Maart 2023<\/li>\n\n\n\n<li><a href=\"https:\/\/openbaararchief.nl\/caribic\/2023\/03\/21\/cuba-de-verkiezingen-op-26-maart\/\">Cuba: de verkiezingen op 26 maart<\/a> \u2013 Ram\u00f3n Pedregal Casanova REDH-Cuba 14 maart 2023<\/li>\n\n\n\n<li><a href=\"https:\/\/openbaararchief.nl\/caribic\/2023\/03\/10\/wat-is-de-achtergrond-van-de-grote-emigratiegolf-uit-cuba\/\">Wat is de achtergrond van de grote emigratiegolf uit Cuba?<\/a> \u2013 Wim Leysens, cubanismo.be 10 maart 2023<\/li>\n\n\n\n<li><a href=\"https:\/\/openbaararchief.nl\/caribic\/2023\/02\/15\/zware-tijden-in-cuba-deel-2\/\">Zware tijden in Cuba \u2013 deel 2<\/a> \u2013 Katrien Demuynck (be), Rogelio Polanco (cu) cubanismo.be, 15 februari 2023<\/li>\n\n\n\n<li><a href=\"https:\/\/openbaararchief.nl\/caribic\/2023\/02\/09\/zware-tijden-in-cuba-interview-deel-1\/\">Zware tijden in Cuba \u2013 Interview deel 1<\/a> \u2013 Katrien Demuynck, Rogelio Polanco cubanismo op 9 februari 2023<\/li>\n\n\n\n<li><a href=\"https:\/\/openbaararchief.nl\/caribic\/2022\/12\/03\/krijgt-cuba-100-jaar-om-de-zee-te-stoppen-boekrecensie\/\">Krijgt Cuba \u2018100 jaar om de zee te stoppen\u2019? \u2013 Boekrecensie<\/a> \u2013 Lode Vanoost dewereldmorgen.be 3 december 2022<\/li>\n\n\n\n<li><a href=\"https:\/\/openbaararchief.nl\/caribic\/2022\/12\/01\/laat-cuba-weer-opbouwen\/\">Laat Cuba weer opbouwen<\/a> \u2013 tekst van brieven van burgers van de VS aan de regeringsleiding van hun land<\/li>\n\n\n\n<li><a href=\"https:\/\/openbaararchief.nl\/caribic\/2022\/11\/03\/verenigde-naties-stemmen-over-de-vs-blokkade\/\">Verenigde Naties stemmen over de VS-blokkade tegen Cuba<\/a> \u2013 cubanismo, 3 november 2022<\/li>\n\n\n\n<li><a href=\"https:\/\/openbaararchief.nl\/caribic\/2022\/11\/03\/verklaring-van-cuba-op-de-unga\/\">Verklaring van Cuba op de UNGA, ter verdediging van Resolutie \u201cNoodzaak om de VS-Blokkade tegen Cuba te beeindigen\u201d<\/a> \u2013 VN, Cuba minrex 3 oktober 2022<\/li>\n\n\n\n<li><a href=\"https:\/\/youtu.be\/PD8PYHIuMwY?t=882\">Toespraak van Yoerky S\u00e1nchez Cuellar op de <\/a><a href=\"https:\/\/youtu.be\/PD8PYHIuMwY?t=882https:\/\/youtu.be\/PD8PYHIuMwY?t=879\">forumdiscussie<\/a><a href=\"https:\/\/youtu.be\/PD8PYHIuMwY?t=882\"> <em>\u201clinks, terug van nooit weggeweest in Latijns-Amerika\u201d<\/em><\/a>, (met NL-synchroonvertaling) \u2013 Manifiesta Oostende, Belgie, 18 september 2022<\/li>\n\n\n\n<li><a href=\"https:\/\/openbaararchief.nl\/caribic\/2022\/09\/04\/de-vs-blijft-erop-gokken-dat-cuba-zich-overgeeft\/\">De VS blijft erop gokken dat Cuba zich overgeeft uit honger en wanhoop<\/a> \u2013 Gustavo A Maranges Resumen Latinoamericano, 4 september 2022<\/li>\n\n\n\n<li><a href=\"https:\/\/openbaararchief.nl\/caribic\/2022\/07\/31\/vierde-linkse-golf-in-latijns-amerika\/\">Vierde linkse golf in Latijns-Amerika sinds de Cubaanse revolutie is sociaal-democratisch<\/a> \u2013 Vijay Prashad peoplesdemocracy 21 juli 2022<\/li>\n\n\n\n<li><a href=\"https:\/\/openbaararchief.nl\/caribic\/2022\/07\/11\/washington-zet-economische-oorlog-tegen-cuba-voort\/\">Washington zet economische oorlog tegen Cuba voort ondanks politiek isolement<\/a> \u2013 Ike Nahem us-cubanormalization 11 juli 2022<\/li>\n\n\n\n<li><a href=\"https:\/\/openbaararchief.nl\/caribic\/2022\/06\/08\/top-van-de-amerikas-met-gastland-vs-wie-komt-en-wie-niet\/\">Top van de Amerika\u2019s met gastland VS: wie komt en wie niet?<\/a> \u2013 Marta Andujo amerika21 8 juni 2022<\/li>\n\n\n\n<li><a href=\"https:\/\/openbaararchief.nl\/caribic\/2022\/05\/24\/our-hemisphere-vs-nuestra-america-vs-geconfronteerd-met-boycot-door-haar-latijns-amerikaanse-buren\/\">\u2018Our hemisphere\u2019 vs \u2018Nuestra America\u2019: VS geconfronteerd met boycot door haar Latijns-Amerikaanse buren<\/a> \u2013 Bradley Blankenship @BradBlank_ RT, 24 mei 2022<\/li>\n\n\n\n<li><a href=\"https:\/\/openbaararchief.nl\/caribic\/2022\/05\/16\/de-topconferentie-van-amerika-kan-bidens-blamage-voor-het-buitenlands-beleid-worden\/\">De topconferentie van Amerika kan Biden\u2019s blamage voor het buitenlands beleid worden<\/a> \u2013 John Perry, popularresistance 16 mei 2022<\/li>\n\n\n\n<li><a href=\"https:\/\/openbaararchief.nl\/caribic\/2022\/05\/12\/latijns-amerika-boycot-de-amerikaanse-top-van-de-vs\/\">Latijns-Amerika boycot de \u201cAmerikaanse Top\u201d van de Verenigde Staten<\/a> \u2013 Midwestern Marx 12 mei 2022<\/li>\n\n\n\n<li><a href=\"https:\/\/openbaararchief.nl\/caribic\/2022\/01\/18\/miljoenen-amerikaanse-dollars-om-cuba-te-destabiliseren\/\">Miljoenen Amerikaanse dollars om Cuba te destabiliseren<\/a> \u2013 Internacional news staff informacion@granmai.cu 18 januari 2022<\/li>\n\n\n\n<li><a href=\"https:\/\/openbaararchief.nl\/caribic\/2022\/01\/11\/cuba-shows-solidarity-alternative-to-big-pharma-on-covid-19\/\">Cuba Shows Solidarity Alternative to Big Pharma on COVID-19<\/a> \u2013 telesur 11 januari 2022<\/li>\n\n\n\n<li><a href=\"https:\/\/openbaararchief.nl\/caribic\/2022\/01\/09\/amerikaanse-staatsgrepen-en-pogingen-tot-staatsgrepen-in-latijns-amerika-in-de-21e-eeuw\/\">Amerikaanse staatsgrepen en pogingen tot staatsgrepen in Latijns-Amerika in de 21e eeuw<\/a> \u2013 Stansfield Smith orinocotribune 9 januari 2022<\/li>\n\n\n\n<li><a href=\"https:\/\/openbaararchief.nl\/caribic\/2021\/12\/29\/wat-brengt-2022-voor-het-latijns-amerikaanse-continent\/\">Wat brengt 2022 voor het Latijns-Amerikaanse continent?<\/a> \u2013 Kasper Libeert cubanismo 29 december 2021<\/li>\n\n\n\n<li><a href=\"https:\/\/openbaararchief.nl\/caribic\/2021\/12\/08\/wat-je-niet-hoort-te-weten-over-cuba-en-venezuela\/\">Wat je niet hoort te weten over Cuba en Venezuela<\/a> \u2013 Ted Snider AntiWar 6 december 2021<\/li>\n\n\n\n<li><a href=\"https:\/\/openbaararchief.nl\/caribic\/2021\/11\/30\/waarover-hadden-leopoldo-lopez-en-yunior-garcia-een-onderonsje-in-madrid\/\">Waarover hadden Leopoldo L\u00f3pez en Yunior Garc\u00eda een onderonsje in Madrid?<\/a> \u2013 Jos\u00e9 Manuel Blanco D\u00edaz redradiove.com 29 november<\/li>\n\n\n\n<li><a href=\"https:\/\/openbaararchief.nl\/caribic\/2021\/11\/18\/fake-news-voor-beginners_cuba-protest\/\">Fake news voor beginners: President betoogt tegen eigen regering?<\/a> \u2013 cubanismo 18 november 2021<\/li>\n\n\n\n<li><a href=\"https:\/\/openbaararchief.nl\/caribic\/2021\/11\/10\/brief-aan-de-internationale-gemeenschap-tegen-de-blokkade-van-cuba\/\">Brief aan de internationale gemeenschap tegen de blokkade en pogingen Cuba te destabiliseren<\/a> \u2013 Internationale redactie granma.cu 10 november 2021<\/li>\n\n\n\n<li><a href=\"https:\/\/openbaararchief.nl\/caribic\/2021\/11\/09\/vs-financieren-subversie-in-cuba\/\">VS financieren subversie in Cuba via internationale prijzen<\/a> \u2013 telesur 9 november 2021<\/li>\n\n\n\n<li><a href=\"https:\/\/openbaararchief.nl\/caribic\/2021\/11\/02\/cuba-in-yunior-zien-we-de-creatie-van-een-contrarevolutionaire\/\">Cuba: In Yunior, zien we de creatie en het optreden van een contrarevolutionaire<\/a> \u2013 telesur 25 oktober 2021<\/li>\n\n\n\n<li><a href=\"https:\/\/openbaararchief.nl\/caribic\/2021\/10\/21\/meerdere-ngos-onderdeel-vs-pogingen\/\">Meerdere ngo\u2019s onderdeel VS-pogingen tot regime change in Latijns-Amerika<\/a> \u2013 Manuel Zelaya, Lois P\u00e9rez Leira, dewereldmorgen 21 oktober 2021<\/li>\n<\/ul>\n","protected":false},"excerpt":{"rendered":"<p>Bron: peoplesdispatch 29 maart 2023 ~~~ Republikeinse politici willen Cuba op de lijst van Staatssponsoren van Terrorisme houden tenzij de Cubanen &#8220;zich losmaken van het Castro-regime&#8221;.<\/p>\n","protected":false},"author":1,"featured_media":12162,"comment_status":"closed","ping_status":"closed","sticky":false,"template":"","format":"standard","meta":{"footnotes":""},"categories":[7,1],"tags":[],"class_list":["post-10900","post","type-post","status-publish","format-standard","has-post-thumbnail","hentry","category-hoc-nl","category-niet-groepspecifiek","entry"],"_links":{"self":[{"href":"https:\/\/www.cubasolidair.nl\/index.php?rest_route=\/wp\/v2\/posts\/10900","targetHints":{"allow":["GET"]}}],"collection":[{"href":"https:\/\/www.cubasolidair.nl\/index.php?rest_route=\/wp\/v2\/posts"}],"about":[{"href":"https:\/\/www.cubasolidair.nl\/index.php?rest_route=\/wp\/v2\/types\/post"}],"author":[{"embeddable":true,"href":"https:\/\/www.cubasolidair.nl\/index.php?rest_route=\/wp\/v2\/users\/1"}],"replies":[{"embeddable":true,"href":"https:\/\/www.cubasolidair.nl\/index.php?rest_route=%2Fwp%2Fv2%2Fcomments&post=10900"}],"version-history":[{"count":2,"href":"https:\/\/www.cubasolidair.nl\/index.php?rest_route=\/wp\/v2\/posts\/10900\/revisions"}],"predecessor-version":[{"id":12321,"href":"https:\/\/www.cubasolidair.nl\/index.php?rest_route=\/wp\/v2\/posts\/10900\/revisions\/12321"}],"wp:featuredmedia":[{"embeddable":true,"href":"https:\/\/www.cubasolidair.nl\/index.php?rest_route=\/wp\/v2\/media\/12162"}],"wp:attachment":[{"href":"https:\/\/www.cubasolidair.nl\/index.php?rest_route=%2Fwp%2Fv2%2Fmedia&parent=10900"}],"wp:term":[{"taxonomy":"category","embeddable":true,"href":"https:\/\/www.cubasolidair.nl\/index.php?rest_route=%2Fwp%2Fv2%2Fcategories&post=10900"},{"taxonomy":"post_tag","embeddable":true,"href":"https:\/\/www.cubasolidair.nl\/index.php?rest_route=%2Fwp%2Fv2%2Ftags&post=10900"}],"curies":[{"name":"wp","href":"https:\/\/api.w.org\/{rel}","templated":true}]}}