
{"id":10920,"date":"2023-03-30T23:17:00","date_gmt":"2023-03-30T21:17:00","guid":{"rendered":"https:\/\/openbaararchief.nl\/caribic\/?p=10920"},"modified":"2024-02-28T10:45:31","modified_gmt":"2024-02-28T10:45:31","slug":"cuba-de-beste-democratie","status":"publish","type":"post","link":"https:\/\/www.cubasolidair.nl\/?p=10920","title":{"rendered":"Cuba: De beste democratie op het westelijk halfrond"},"content":{"rendered":"\n<pre class=\"wp-block-preformatted\">Bron:  Sergio Ortiz\n<a href=\"https:\/\/resumen-english.org\/2023\/03\/cuba-the-best-democracy-in-the-western-hemisphere\/\">Resumen, 30 maart 2023<\/a> (EN)\n<a href=\"https:\/\/cubaenresumen.org\/2023\/03\/30\/cuba-la-mejor-democracia-del-hemisferio-occidental\/\">Resumen-Cuba,  30 maart 2023<\/a> (SP)\nOfficiele tellingen (NL-ambassade): <a href=\"#emb\">onderaan dit bericht<\/a> ~~~ <\/pre>\n\n\n\n<p><strong>De 11,1 miljoen Cubanen hebben veel economische problemen, vooral als gevolg van de Amerikaanse blokkade die 61 jaar geleden op criminele wijze werd opgelegd. En zoals zij erkennen zijn die problemen in mindere mate het gevolg van fouten en beperkingen van hun regering en van een klein deel van hun bevolking dat bijvoorbeeld de prijzen verhoogt.<\/strong><\/p>\n\n\n\n<p><strong>Niettegenstaande deze zorg om van dag tot dag te leven, hebben de Cubanen een hoog niveau van politiek bewustzijn en een hoge culturele en educatieve basis; een vrucht van de revolutie en gehandhaafd tot op de dag van vandaag. Een praktische manier om deze betrokkenheid te meten is te analyseren hoeveel mensen stemmen, op wie ze stemmen en met welke hoop. De vijanden van de revolutie vervloeken het socialistische systeem altijd, beschuldigen het ervan dictatoriaal te zijn en promoten boycots. Dat werd op 26 maart opnieuw geprobeerd door het imperium dat 90 mijl verderop schuilt en de zich in Miami nestelende wormen; ook door hun publieke vertegenwoordigers en undercoveragenten van &#8220;Patria Sin Vida&#8221;, die het gewelddadige oproer van 11 juli 2021 bevorderden. Bij die gelegenheid hadden zij geen succes en nu, op de verkiezingsdatum, ook niet.<\/strong><\/p>\n\n\n\n<!--more-->\n\n\n\n<p>Op 26 maart gingen de Cubanen stemmen om 470 vertegenwoordigers te kiezen voor de Nationale Vergadering van Volksmacht (ANPP), hun parlement. De regering propageerde &#8220;Ik stem voor iedereen&#8221;, terwijl de vijanden van de revolutie inzetten op onthouding. Alina Balseiro, hoofd van de Nationale Kiesraad (CEN), deelde mee dat de opkomst 75,96 procent bedroeg: 6.164.876 mensen stemden op een kiezersaantal van 8.100.000. Geldige stemmen waren 90,28 procent, blanco stemmen 6,22 en geannuleerde stemmen 3,50. De stemming vond plaats in 23.648 stembureaus zonder geweld, fraude of incidenten. De stembussen werden bewaakt door pionierskinderen, anders dan in kapitalistische landen waar het leger en de politie bewapend zijn.<\/p>\n\n\n\n<p>Op 19 april wordt de tiende ANPP gevormd, die de raad van bestuur, de Raad van State en de president en vice-president van het land zal kiezen. De huidige president, Miguel D\u00edaz Canel, zou zijn tweede termijn van vijf jaar kunnen krijgen. Wie er ook democratisch wordt verkozen voor de leidende functies en de afgevaardigden van de ANPP, hun taak zal ontmoedigend zijn vanwege de economische problemen waarmee het land te kampen heeft.<\/p>\n\n\n\n<h3 class=\"wp-block-heading\">Een criminele blokkade<\/h3>\n\n\n\n<p>De VS hebben de militaire weg met Cuba al geprobeerd bij de Varkensbaai (april 1961) en dat is slecht afgelopen. Ook houden zij de blokkade in stand, die sinds 1992 dertig keer door de Algemene Vergadering van de VN is veroordeeld, zonder dat Washington zich houdt aan het besluit van de overgrote meerderheid van de landen (laatste stemming in 2022, 185 voor Cuba en 2 tegen, de VS en Isra\u00ebl). De schade aan het vaderland van Jos\u00e9 Mart\u00ed bedroeg ten tijde van die stemming in New York 154,27 miljard dollar, een fortuin voor welk land dan ook.<\/p>\n\n\n\n<p>Die blokkade is door de neonazi Donald Trump opgevoerd met 243 verzwarende maatregelen, die zijn opvolger Joe Biden heeft gehandhaafd, waaruit blijkt dat de twee Amerikaanse partijen niet van mening verschillen als het gaat om het straffen van waardige volkeren.<\/p>\n\n\n\n<p>Naast de blokkade stond het eiland sinds de tijd van Ronald Reagan, in 1982, op de lijst van landen die terrorisme sponsoren; dat werd gehandhaafd tot de regering-Obama, in 2015, maar werd door Trump en Biden opnieuw ingevoerd. De schade aan Cuba is niet zozeer politiek, want het grootste deel van de wereld weet dat het een gruwelijke leugen is. Het is bekend dat het eiland het slachtoffer is van Amerikaans terrorisme (638 pogingen om Fidel Castro te vermoorden, bomaanslag op het Cubaanse vliegtuig boven Barbados in 1976 met 73 doden, aanslagen en bomaanslagen waarbij 3.048 Cubanen werden gedood en 2.099 gewond). De schade is vooral van financi\u00eble aard, omdat opname in deze lijst van &#8220;terroristische staten&#8221; krediettransacties en financiering van de economie van het eiland verhindert of ernstig belemmert.<\/p>\n\n\n\n<p>Daarom zullen de huidige en toekomstige Cubaanse autoriteiten het zeer moeilijk krijgen, zoals in deze 64 jaar van revolutie gebruikelijk is geweest. En nog meer in tijden van wereldwijde inflatie, de NAVO-oorlog in Oekra\u00efne tegen Rusland, stijgende energie- en voedselprijzen, stijgende rentevoeten en andere gevolgen die de wereld treffen. Ondanks alles zou het eiland Cuba iets beter af moeten zijn, want de voorspelde groei van het BBP voor Latijns-Amerika in 2023 is slechts 1,3 procent, terwijl de Cubaanse minister van Economie, Alejandro Gil Fern\u00e1ndez, een doelstelling van 3 procent voorspelt.<\/p>\n\n\n\n<p>In de strijd om de economie en de levensstandaard van de bevolking te verbeteren, zijn de autoriteiten zich ervan bewust dat zij de kwaliteit van hun regering moeten verhogen. Premier Manuel Marrero Cruz, die net als D\u00edaz Canel de steden bezoekt, verklaarde dat zij de &#8220;zelf-bureaucratie, ineffici\u00ebntie en bureaucratie&#8221; moeten overwinnen. Bureaucratisme is een ziekte die genezen moet worden en daarvoor hebben ze helaas niet de vijf vaccins die ze tegen COVID-19 hebben kunnen maken.<\/p>\n\n\n\n<h3 class=\"wp-block-heading\">Een mooie democratie<\/h3>\n\n\n\n<p>Afgezien van de leugenachtige campagnes van het imperium en zijn internationale persagentschappen, in Argentini\u00eb bijgestaan door Clar\u00edn, La Naci\u00f3n en Desinfobae, zijn de verkiezingen in Cuba hyperdemocratisch verlopen. Voor het imperialisme en zijn oligarchische bondgenoten in elk land bleven ze onopgemerkt. Ze kregen geen minuut of geen woord in de media. Ze werden onzichtbaar gemaakt. Misschien omdat ze ze niet konden laten zien en blijven praten over de &#8220;communistische dictatuur&#8221;.<\/p>\n\n\n\n<p><em>(Red: enkele hoernalisten moesten dat toch doen, <\/em>en reputatieschade voor lief nemen <em>: <a href=\"https:\/\/www.telegraaf.nl\/watuzegt\/1339394834\/cubanen-stemmen-vooral-met-hun-voeten\">Telegraaf 28\/3<\/a>, <a href=\"https:\/\/www.volkskrant.nl\/nieuws-achtergrond\/de-cubanen-hadden-zondag-wel-degelijk-iets-te-kiezen-stemmen-of-thuisblijven~bf024452\/\">Volkskrant 26\/3<\/a>, )<\/em><\/p>\n\n\n\n<p>De opkomst was zeer hoog: 1,8% hoger dan bij het referendum over de gezinswet en 7,36% meer dan bij de laatste gemeenteraadsverkiezingen. En dit is een niet-verplichte verkiezing: stemmen is vrijwillig, vanaf 16 jaar.<\/p>\n\n\n\n<p>Er waren veel jonge kandidaten: 94 van beide geslachten tussen 18 en 35 jaar oud, op de 470 ANPP posten. Het percentage vrouwen was ook zeer hoog: 55,3% van het totaal, waarmee het al hoge percentage van het negende ANPP, van 2018, werd verbeterd, toen het percentage vrouwen 53 procent bedroeg. Cuba staat op de tweede plaats in de wereld voor parlementen met de meeste vrouwen (Rwanda eerst). Het eiland komt goed mee in de strijd tegen de koloniale, door mannen gedomineerde hegemonie. En het zijn revolutionaire vrouwen, niet zoals bijvoorbeeld Patricia Bullrich, Elisa Carri\u00f3, Mar\u00eda E. Vidal, Victoria Villarruel en andere Argentijnse ontkenners van de misdaden van het staatsterrorisme tijdens de dictatuur.<\/p>\n\n\n\n<h3 class=\"wp-block-heading\">Democratie is geen plutocratie<\/h3>\n\n\n\n<p>Het imperialisme en rechts in de wereld beschuldigen de Cubaanse verkiezingen ervan gemanipuleerd te zijn door de Communistische Partij van Cuba, \u00e9\u00e9n partij. Zij zeggen dat dit niet democratisch zou zijn; alleen een meerpartijenstelsel zou democratisch zijn. Dat de PCC de verkiezingen manipuleert is een totale leugen, want de kandidaten worden voorgedragen door de buurtbewoners, de vakbonden en de CTC, de Vrouwenfederatie, enz. Zij dragen ze voor, niet de partij. En dan worden ze al dan niet verkozen in democratische gemeentelijke, provinciale en nationale verkiezingen.<\/p>\n\n\n\n<p>Behalve dat het een kiesstelsel van onderop is, zeer democratisch en pluralistisch, heeft het nog een groot voordeel: het is zeer goedkoop. Er zijn geen propaganda-uitgaven, die in kapitalistische landen meestal miljoenen dollars bedragen. Op het eiland stellen de kandidaten hooguit een kort cv op en posten dat in de buurt of in het college. De Cubaanse staat heeft niet de enorme uitgaven bij elke verkiezing, zoals in Argentini\u00eb: &#8220;Bij de parlementsverkiezingen van 2021 worden 127 zetels in de Kamer van Afgevaardigden en 24 in de Senaat vernieuwd. Zij zullen van de regering 17.171.091.891 pesos kosten&#8221; (Noticias Argentinas, 4\/10\/2020).<\/p>\n\n\n\n<p>Een ander opmerkelijk verschil ten gunste van het Cubaanse systeem is dat degenen die in de ANPP worden gekozen, hun gewone beroep blijven uitoefenen en geen salaris ontvangen voor hun wetgevende functie. Dit bespaart geld en bovenal verbindt het de vertegenwoordigers met hun kiezers, aangezien zij zoals gewoonlijk in hun buurt en van hun beroep of handel leven. In Argentini\u00eb kregen de afgevaardigden in november 2022 500 duizend pesos per maand betaald, plus extraatjes, secretari\u00eble functies, vliegtickets, enz. Doen ze veel voor het Argentijnse volk? Het is niet merkbaar, door de lage kwaliteit van hun wetten en het lage aantal zittingen. Het eerste wordt ge\u00efllustreerd door de overeenkomst met het IMF, goedgekeurd door het Congres in maart 2022, die een frauduleuze schuld legaliseert en een verregaande schuldregeling jegens het volk versterkt. Het tweede is dat ze heel weinig werken: in 2022 kwam de Kamer van Afgevaardigden 14 keer bijeen en de Senaat slechts 12, het laagste record van de laatste jaren. De luiste van allemaal is de fascist Javier Milei, die in bijna vier jaar als afgevaardigde 5 positieve stemmen en 20 negatieve stemmen had en 41 zittingen miste.<br \/>Met betrekking tot de vraag of de democratie een meerpartijenstelsel moet zijn, moet worden gezegd dat wat belangrijk is in een democratie haar sociale en klasseninhoud is, en niet het aantal groeperingen. De Amerikaanse democratie is tweepartijig, omdat de Democraten en Republikeinen alle taart opeten. Bovendien heeft Fidel Castro sinds maart 1960 (toespraak voor de milities en voor de aanval op het schip Le Coubre) aan de kaak gesteld dat het Yankee-systeem een plutocratie was, de democratie van de rijken. Hij herhaalde het in een boodschap in 1988. En hij sloeg de spijker op de kop, want in de be\u00ebdigde verklaringen van de 534 leden van het Capitool in 2012 werd bevestigd dat 268 van hen, (50,2 procent) meer dan een miljoen dollar waard waren. Slechts 2 procent kwam uit de arbeidersklasse. Dat is een plutocratie, geen democratie.<\/p>\n\n\n\n<p>Democratie hangt niet af van het aantal partijen, maar van de inhoud, programma&#8217;s, concrete regeringsplannen en leiders die waarmaken wat ze zeggen (de leugenaar en voormalig Argentijn Carlos Menem gaf toe dat &#8220;als ik zou zeggen wat ik van plan was, ze niet op me zouden stemmen&#8221;).<\/p>\n\n\n\n<p>Als Cuba slechts \u00e9\u00e9n partij heeft, is dat omdat zijn socialisme Martiano is. Cuba&#8217;s nationale held Jos\u00e9 Mart\u00ed richtte in april 1892 de Cubaanse Revolutionaire Partij (PRC) op en riep op tot eenheid. De partij onder leiding van Fidel, in de continu\u00efteit van de onafhankelijkheidsstrijd, voor de Spaanse metropool en vervolgens van de slechte Yankee buurman, verlangde ook eenheid als onmisbare voorwaarde. Daarom is er op het socialistische eiland maar \u00e9\u00e9n partij. Communistisch, Martiano en Fidelista, zij is veel meer waard dan de in Washington genestelde tweepartijenplutocratie en de honderden burgerlijke partijen die hun bevelen opvolgen in de semikolonies en afhankelijke kapitalistische landen.<\/p>\n\n\n\n<p><em>noot auteur: Ik draag dit artikel op aan onze dierbare kameraad Mario Alberto D\u00edaz, lid van de Argentijnse Beweging van Solidariteit met Cuba (MASCUBA C\u00f3rdoba), die een jaar geleden is overleden, op een dag als vandaag.<\/em><\/p>\n\n\n\n<p><em>Topfoto: kiezer bekijkt de kwalificaties van de kandidaten. foto: Laura V. Mor<\/em><\/p>\n\n\n\n<h2 class=\"wp-block-heading\" id=\"emb\">Relevante informatie over de uitslag van de algemene verkiezingen in Cuba, 2023.<\/h2>\n\n\n\n<pre class=\"wp-block-preformatted\">Bron: Cubaanse-Ambassade, den haag 31 maart 2023\n(in aansluiting op <a href=\"https:\/\/openbaararchief.nl\/caribic\/2023\/03\/21\/cuba-de-verkiezingen-op-26-maart\/#emb\">een eerder bericht<\/a>)<\/pre>\n\n\n\n<p>Op 26 maart 2023 vonden in Cuba de algemene verkiezingen plaats voor de vernieuwing van de Nationale Vergadering van Volksmacht, in haar X-Legislation (tiende wetgevende macht). De volksdeelname was een meerderheid, 6.167.605 kiezers maakten gebruik van hun stemrecht, van de 8.129.321 personen die in het kiezersregister waren opgenomen, hetgeen 75,87% vertegenwoordigt.<\/p>\n\n\n\n<p>De provincies met een grotere deelname waren Ciego de \u00c1vila (86,14%), Matanzas (83,88%), Artemisa (81,05%) en Pinar del R\u00edo (80,95%).<\/p>\n\n\n\n<p>De deelname in Cuba was hoger dan het gemiddelde van de deelname in Latijns-Amerikaanse landen waar stemmen verplicht is (65%) en in landen waar dat niet het geval is (55%).<\/p>\n\n\n\n<p>Het proces werd uitgevoerd in 12.427 kiesdistricten en er werden 23.648 stembureaus ingericht, waaronder 250 speciale in ziekenhuizen (106), hotels (80) en kampeerterreinen en andere centra (64). Er werden 80 districten gecre\u00eberd in 27 gemeenten. Meer dan 200.000 geautoriseerde personen namen er aan deel, in meer dan 62.000 kiesdistricten en meer dan 118.000 tafels, die hun werk vrijwillig deden.<\/p>\n\n\n\n<p>90,28 % van de stembiljetten waren geldig en onder hen steunde 72,10 % van de kiezers de volledige lijst, dwz alle kandidaten samen, met de zogenaamde &#8220;Vote for All&#8221;. De 470 kandidaten werden dus verkozen. Deze gegevens hebben de kwaliteit van het proces en de steun van het volk voor zijn vertegenwoordigers aangetoond, aangezien de gunstige steun voor alle kandidaten overheerst zonder het selectief stemmen als optie voor de kiezers uit te sluiten, hetgeen de beginselen van het stemmen in de grootste van de Antillen, gekenmerkt door het feit dat het vrij, gelijk, direct en geheim is, bekrachtigt. Dit resultaat is een echte uitdrukking van eenheid en steun aan de revolutie en Relevante informatie over de uitslag van de algemene verkiezingen in Cuba, 2023.<\/p>\n\n\n\n<p>Het hele proces zal worden afgesloten met de grondwet van de Nationale Vergadering van Volksmacht, in haar X-wetgevende vergadering, op 19 april aanstaande.haar leiders. De steun aan Cuba, zijn soevereiniteit en ontwikkeling.<\/p>\n\n\n\n<p>Het hele proces zal worden afgesloten met de grondwet van de Nationale Vergadering van Volksmacht, in haar X-wetgevende vergadering, op 19 april aanstaande.<\/p>\n\n\n\n<hr class=\"wp-block-separator has-alpha-channel-opacity\"\/>\n\n\n\n<p>Gerelateerd (berichten in dit archief):<\/p>\n\n\n\n<ul class=\"wp-block-list\">\n<li><a href=\"https:\/\/openbaararchief.nl\/caribic\/2023\/03\/29\/conservatieven-in-de-vs-willen-dat-het-cubaanse-volk-zijn-eigen-regering-omverwerpt-of-anders\/\">Conservatieven in de VS willen dat het Cubaanse volk zijn eigen regering omverwerpt, of anders\u2026<\/a> &#8211; peoplesdispatch 29 maart 2023<\/li>\n\n\n\n<li><a href=\"https:\/\/openbaararchief.nl\/caribic\/2023\/03\/26\/cubanen-trokken-massaal-naar-de-stembus\/\">Cubanen trokken massaal naar de stembus<\/a> &#8211; Charles Luca cubanismo op 26 maart 2023<\/li>\n\n\n\n<li><a href=\"https:\/\/openbaararchief.nl\/caribic\/2023\/03\/22\/cubas-banden-met-de-arabische-wereld\/\">Cuba\u2019s banden met de Arabische wereld: Al Mayadeen interviewt Cubaans president Miguel Diaz-Canel (III)<\/a> \u2013 Al Mayadeen Netwerk, 21 Maart 2023<\/li>\n\n\n\n<li><a href=\"https:\/\/openbaararchief.nl\/caribic\/2023\/03\/22\/havana-en-de-wereld_interview\/\">Havana en de wereld: Al Mayadeen interviewt Cubaaans president Miguel Diaz-Canel (II)<\/a><\/li>\n\n\n\n<li><a href=\"https:\/\/openbaararchief.nl\/caribic\/2023\/03\/19\/cuba-revolutie-vs-embargo\/\">Cuba-revolutie, VS-embargo: Al Mayadeen interviewt Cubaanse president Miguel Diaz-Canel (I)<\/a> \u2013 Al Mayadeen, 19 Maart 2023<\/li>\n\n\n\n<li><a href=\"https:\/\/openbaararchief.nl\/caribic\/2023\/03\/21\/cuba-de-verkiezingen-op-26-maart\/\">Cuba: de verkiezingen op 26 maart<\/a> \u2013 Ram\u00f3n Pedregal Casanova REDH-Cuba 14 maart 2023 (Heldere uitleg van de Cubaanse Volksdemoctatie)<\/li>\n\n\n\n<li><a href=\"https:\/\/openbaararchief.nl\/caribic\/2023\/03\/10\/wat-is-de-achtergrond-van-de-grote-emigratiegolf-uit-cuba\/\">Wat is de achtergrond van de grote emigratiegolf uit Cuba?<\/a> \u2013 Wim Leysens, cubanismo.be 10 maart 2023<\/li>\n\n\n\n<li><a href=\"https:\/\/openbaararchief.nl\/caribic\/2023\/02\/15\/zware-tijden-in-cuba-deel-2\/\">Zware tijden in Cuba \u2013 deel 2<\/a> \u2013 Katrien Demuynck (be), Rogelio Polanco (cu) cubanismo.be, 15 februari 2023<\/li>\n\n\n\n<li><a href=\"https:\/\/openbaararchief.nl\/caribic\/2023\/02\/09\/zware-tijden-in-cuba-interview-deel-1\/\">Zware tijden in Cuba \u2013 Interview deel 1<\/a> \u2013 Katrien Demuynck, Rogelio Polanco cubanismo op 9 februari 2023<\/li>\n\n\n\n<li><a href=\"https:\/\/openbaararchief.nl\/caribic\/2022\/12\/03\/krijgt-cuba-100-jaar-om-de-zee-te-stoppen-boekrecensie\/\">Krijgt Cuba \u2018100 jaar om de zee te stoppen\u2019? \u2013 Boekrecensie<\/a> \u2013 Lode Vanoost dewereldmorgen.be 3 december 2022<\/li>\n\n\n\n<li><a href=\"https:\/\/openbaararchief.nl\/caribic\/2022\/12\/01\/laat-cuba-weer-opbouwen\/\">Laat Cuba weer opbouwen<\/a> \u2013 tekst van brieven van burgers van de VS aan de regeringsleiding van hun land<\/li>\n\n\n\n<li><a href=\"https:\/\/openbaararchief.nl\/caribic\/2022\/11\/03\/verenigde-naties-stemmen-over-de-vs-blokkade\/\">Verenigde Naties stemmen over de VS-blokkade tegen Cuba<\/a> \u2013 cubanismo, 3 november 2022<\/li>\n\n\n\n<li><a href=\"https:\/\/openbaararchief.nl\/caribic\/2022\/11\/03\/verklaring-van-cuba-op-de-unga\/\">Verklaring van Cuba op de UNGA, ter verdediging van Resolutie \u201cNoodzaak om de VS-Blokkade tegen Cuba te beeindigen\u201d<\/a> \u2013 VN, Cuba minrex 3 oktober 2022<\/li>\n\n\n\n<li><a href=\"https:\/\/youtu.be\/PD8PYHIuMwY?t=882\">Toespraak van Yoerky S\u00e1nchez Cuellar op de <\/a><a href=\"https:\/\/youtu.be\/PD8PYHIuMwY?t=882https:\/\/youtu.be\/PD8PYHIuMwY?t=879\">forumdiscussie<\/a><a href=\"https:\/\/youtu.be\/PD8PYHIuMwY?t=882\"> <em>\u201clinks, terug van nooit weggeweest in Latijns-Amerika\u201d<\/em><\/a>, (met NL-synchroonvertaling) \u2013 Manifiesta Oostende, Belgie, 18 september 2022<\/li>\n\n\n\n<li><a href=\"https:\/\/openbaararchief.nl\/caribic\/2022\/09\/04\/de-vs-blijft-erop-gokken-dat-cuba-zich-overgeeft\/\">De VS blijft erop gokken dat Cuba zich overgeeft uit honger en wanhoop<\/a> \u2013 Gustavo A Maranges Resumen Latinoamericano, 4 september 2022<\/li>\n\n\n\n<li><a href=\"https:\/\/openbaararchief.nl\/caribic\/2022\/07\/31\/vierde-linkse-golf-in-latijns-amerika\/\">Vierde linkse golf in Latijns-Amerika sinds de Cubaanse revolutie is sociaal-democratisch<\/a> \u2013 Vijay Prashad peoplesdemocracy 21 juli 2022<\/li>\n\n\n\n<li><a href=\"https:\/\/openbaararchief.nl\/caribic\/2022\/07\/11\/washington-zet-economische-oorlog-tegen-cuba-voort\/\">Washington zet economische oorlog tegen Cuba voort ondanks politiek isolement<\/a> \u2013 Ike Nahem us-cubanormalization 11 juli 2022<\/li>\n\n\n\n<li><a href=\"https:\/\/openbaararchief.nl\/caribic\/2022\/06\/08\/top-van-de-amerikas-met-gastland-vs-wie-komt-en-wie-niet\/\">Top van de Amerika\u2019s met gastland VS: wie komt en wie niet?<\/a> \u2013 Marta Andujo amerika21 8 juni 2022<\/li>\n\n\n\n<li><a href=\"https:\/\/openbaararchief.nl\/caribic\/2022\/05\/24\/our-hemisphere-vs-nuestra-america-vs-geconfronteerd-met-boycot-door-haar-latijns-amerikaanse-buren\/\">\u2018Our hemisphere\u2019 vs \u2018Nuestra America\u2019: VS geconfronteerd met boycot door haar Latijns-Amerikaanse buren<\/a> \u2013 Bradley Blankenship @BradBlank_ RT, 24 mei 2022<\/li>\n\n\n\n<li><a href=\"https:\/\/openbaararchief.nl\/caribic\/2022\/05\/16\/de-topconferentie-van-amerika-kan-bidens-blamage-voor-het-buitenlands-beleid-worden\/\">De topconferentie van Amerika kan Biden\u2019s blamage voor het buitenlands beleid worden<\/a> \u2013 John Perry, popularresistance 16 mei 2022<\/li>\n\n\n\n<li><a href=\"https:\/\/openbaararchief.nl\/caribic\/2022\/05\/12\/latijns-amerika-boycot-de-amerikaanse-top-van-de-vs\/\">Latijns-Amerika boycot de \u201cAmerikaanse Top\u201d van de Verenigde Staten<\/a> \u2013 Midwestern Marx 12 mei 2022<\/li>\n\n\n\n<li><a href=\"https:\/\/openbaararchief.nl\/caribic\/2022\/01\/18\/miljoenen-amerikaanse-dollars-om-cuba-te-destabiliseren\/\">Miljoenen Amerikaanse dollars om Cuba te destabiliseren<\/a> \u2013 Internacional news staff informacion@granmai.cu 18 januari 2022<\/li>\n\n\n\n<li><a href=\"https:\/\/openbaararchief.nl\/caribic\/2022\/01\/11\/cuba-shows-solidarity-alternative-to-big-pharma-on-covid-19\/\">Cuba Shows Solidarity Alternative to Big Pharma on COVID-19<\/a> \u2013 telesur 11 januari 2022<\/li>\n\n\n\n<li><a href=\"https:\/\/openbaararchief.nl\/caribic\/2022\/01\/09\/amerikaanse-staatsgrepen-en-pogingen-tot-staatsgrepen-in-latijns-amerika-in-de-21e-eeuw\/\">Amerikaanse staatsgrepen en pogingen tot staatsgrepen in Latijns-Amerika in de 21e eeuw<\/a> \u2013 Stansfield Smith orinocotribune 9 januari 2022<\/li>\n\n\n\n<li><a href=\"https:\/\/openbaararchief.nl\/caribic\/2021\/12\/29\/wat-brengt-2022-voor-het-latijns-amerikaanse-continent\/\">Wat brengt 2022 voor het Latijns-Amerikaanse continent?<\/a> \u2013 Kasper Libeert cubanismo 29 december 2021<\/li>\n\n\n\n<li><a href=\"https:\/\/openbaararchief.nl\/caribic\/2021\/12\/08\/wat-je-niet-hoort-te-weten-over-cuba-en-venezuela\/\">Wat je niet hoort te weten over Cuba en Venezuela<\/a> \u2013 Ted Snider AntiWar 6 december 2021<\/li>\n\n\n\n<li><a href=\"https:\/\/openbaararchief.nl\/caribic\/2021\/11\/30\/waarover-hadden-leopoldo-lopez-en-yunior-garcia-een-onderonsje-in-madrid\/\">Waarover hadden Leopoldo L\u00f3pez en Yunior Garc\u00eda een onderonsje in Madrid?<\/a> \u2013 Jos\u00e9 Manuel Blanco D\u00edaz redradiove.com 29 november<\/li>\n\n\n\n<li><a href=\"https:\/\/openbaararchief.nl\/caribic\/2021\/11\/18\/fake-news-voor-beginners_cuba-protest\/\">Fake news voor beginners: President betoogt tegen eigen regering?<\/a> \u2013 cubanismo 18 november 2021<\/li>\n\n\n\n<li><a href=\"https:\/\/openbaararchief.nl\/caribic\/2021\/11\/10\/brief-aan-de-internationale-gemeenschap-tegen-de-blokkade-van-cuba\/\">Brief aan de internationale gemeenschap tegen de blokkade en pogingen Cuba te destabiliseren<\/a> \u2013 Internationale redactie granma.cu 10 november 2021<\/li>\n\n\n\n<li><a href=\"https:\/\/openbaararchief.nl\/caribic\/2021\/11\/09\/vs-financieren-subversie-in-cuba\/\">VS financieren subversie in Cuba via internationale prijzen<\/a> \u2013 telesur 9 november 2021<\/li>\n\n\n\n<li><a href=\"https:\/\/openbaararchief.nl\/caribic\/2021\/11\/02\/cuba-in-yunior-zien-we-de-creatie-van-een-contrarevolutionaire\/\">Cuba: In Yunior, zien we de creatie en het optreden van een contrarevolutionaire<\/a> \u2013 telesur 25 oktober 2021<\/li>\n\n\n\n<li><a href=\"https:\/\/openbaararchief.nl\/caribic\/2021\/10\/21\/meerdere-ngos-onderdeel-vs-pogingen\/\">Meerdere ngo\u2019s onderdeel VS-pogingen tot regime change in Latijns-Amerika<\/a> \u2013 Manuel Zelaya, Lois P\u00e9rez Leira, dewereldmorgen 21 oktober 2021<\/li>\n<\/ul>\n","protected":false},"excerpt":{"rendered":"<p>Bron: Sergio Ortiz Resumen, 30 maart 2023 (EN) Resumen-Cuba, 30 maart 2023 (SP) Officiele tellingen (NL-ambassade): onderaan dit bericht ~~~ De 11,1 miljoen Cubanen hebben veel economische problemen, vooral als gevolg van de Amerikaanse blokkade die 61 jaar geleden op criminele wijze werd opgelegd. En zoals zij erkennen zijn die problemen in mindere mate het&hellip; <a class=\"more-link\" href=\"https:\/\/www.cubasolidair.nl\/?p=10920\">Continue reading <span class=\"screen-reader-text\">Cuba: De beste democratie op het westelijk halfrond<\/span><\/a><\/p>\n","protected":false},"author":1,"featured_media":12163,"comment_status":"closed","ping_status":"closed","sticky":false,"template":"","format":"standard","meta":{"footnotes":""},"categories":[7],"tags":[],"class_list":["post-10920","post","type-post","status-publish","format-standard","has-post-thumbnail","hentry","category-hoc-nl","entry"],"_links":{"self":[{"href":"https:\/\/www.cubasolidair.nl\/index.php?rest_route=\/wp\/v2\/posts\/10920","targetHints":{"allow":["GET"]}}],"collection":[{"href":"https:\/\/www.cubasolidair.nl\/index.php?rest_route=\/wp\/v2\/posts"}],"about":[{"href":"https:\/\/www.cubasolidair.nl\/index.php?rest_route=\/wp\/v2\/types\/post"}],"author":[{"embeddable":true,"href":"https:\/\/www.cubasolidair.nl\/index.php?rest_route=\/wp\/v2\/users\/1"}],"replies":[{"embeddable":true,"href":"https:\/\/www.cubasolidair.nl\/index.php?rest_route=%2Fwp%2Fv2%2Fcomments&post=10920"}],"version-history":[{"count":1,"href":"https:\/\/www.cubasolidair.nl\/index.php?rest_route=\/wp\/v2\/posts\/10920\/revisions"}],"predecessor-version":[{"id":12208,"href":"https:\/\/www.cubasolidair.nl\/index.php?rest_route=\/wp\/v2\/posts\/10920\/revisions\/12208"}],"wp:featuredmedia":[{"embeddable":true,"href":"https:\/\/www.cubasolidair.nl\/index.php?rest_route=\/wp\/v2\/media\/12163"}],"wp:attachment":[{"href":"https:\/\/www.cubasolidair.nl\/index.php?rest_route=%2Fwp%2Fv2%2Fmedia&parent=10920"}],"wp:term":[{"taxonomy":"category","embeddable":true,"href":"https:\/\/www.cubasolidair.nl\/index.php?rest_route=%2Fwp%2Fv2%2Fcategories&post=10920"},{"taxonomy":"post_tag","embeddable":true,"href":"https:\/\/www.cubasolidair.nl\/index.php?rest_route=%2Fwp%2Fv2%2Ftags&post=10920"}],"curies":[{"name":"wp","href":"https:\/\/api.w.org\/{rel}","templated":true}]}}