
{"id":11736,"date":"2023-09-05T23:48:00","date_gmt":"2023-09-05T21:48:00","guid":{"rendered":"https:\/\/openbaararchief.nl\/caribic\/?p=11736"},"modified":"2024-02-28T10:42:50","modified_gmt":"2024-02-28T10:42:50","slug":"van-oekraine-naar-de-verenigde-naties-orlando-boronats-operatie-tegen-cuba","status":"publish","type":"post","link":"https:\/\/www.cubasolidair.nl\/?p=11736","title":{"rendered":"Van Oekra\u00efne naar de Verenigde Naties: Orlando Boronat&#8217;s operatie tegen Cuba"},"content":{"rendered":"\n<pre class=\"wp-block-preformatted\">Bron: Katu Arkonada\n<a href=\"https:\/\/resumen-english.org\/2023\/09\/from-ukraine-to-the-united-nations-orlando-gutierrez-boronats-operation-against-cuba\/\">resumen-english 5 september 2023 <\/a>~~~<\/pre>\n\n\n\n<p><strong>Volgens (hier niet nader genoemde) bronnen van het Ministerie van Buitenlandse Zaken is er een operatie gaande tegen de Cubaanse Revolutie, uitgevoerd door Orlando Gutierrez Boronat, een ultrarechtse politicus die banden heeft met de Amerikaanse inlichtingendiensten en die onlangs naar Oekra\u00efne is gereisd.<\/strong><\/p>\n\n\n\n<!--more-->\n\n\n\n<p>Het doel is dubbel:<\/p>\n\n\n\n<p>De G77+China top die op 15 en 16 september in Havana wordt gehouden te bemoeilijken en om de aanwezigheid van president D\u00edaz-Canel in New York te saboteren voor de 78e Algemene Vergadering van de Verenigde Naties die op 19 september begint.<\/p>\n\n\n\n<p>Boronat is een terrorist van Cubaanse afkomst, die sinds 1971 in de Verenigde Staten woont, en aan het hoofd staat van een organisatie genaamd Cuban Democratic Directorate &#8221; van waaruit ze niet alleen de blokkade tegen Cuba promoten, maar ook direct hebben opgeroepen tot een Amerikaanse militaire interventie tegen Cuba. Deze organisatie is de grootste ontvanger van fondsen van de Amerikaanse overheid onder alle organisaties die fondsen ontvangen om de Cubaanse constitutionele orde te ondermijnen. Boronat heeft bovendien publiekelijk verklaard een bewonderaar te zijn van de Salvadoraanse majoor Roberto d&#8217;Aubuisson, organisator van de doodseskaders in El Salvador en het brein achter de moord op aartsbisschop Monseigneur Romero.<\/p>\n\n\n\n<p>Boronat is ook een spreekbuis van de internationale rechtervleugel. Zijn relaties met de Bolsonaro-clan zijn welbekend en in november 2022 was hij op de Conservative Action Political Conference (CPAC), waar hij harde aanvallen lanceerde op president L\u00f3pez Obrador voor zijn beleid van steun aan Cuba.<\/p>\n\n\n\n<p>Boronat heeft onlangs het &#8220;Hemisferisch Front voor de Vrijheid&#8221; opgericht, een internationaal ultrarechts front dat zich verzet tegen de regeringen van Cuba, Venezuela en Nicaragua, dat hij zelf co\u00f6rdineert en dat een paar dagen geleden een bezoek bracht aan Oekra\u00efne om de Luis Boitel-prijs (29 augustus) uit te reiken aan &#8220;137 Cubaanse politieke gevangenen en aan het Oekra\u00efense volk voor de verdediging van hun soevereiniteit tegenover de Russische agressie&#8221;.<\/p>\n\n\n\n<p>Maar Boronat&#8217;s bezoek aan Kiev had, naast de anti-Russische en anti-Cubaanse revolutie propaganda, belangrijker doelen:<\/p>\n\n\n\n<p>Ten eerste om nepnieuws te genereren over een vermeende interventie van Cubaanse militairen naast Russische militairen in de speciale interventie die wordt uitgevoerd in Oekra\u00efne.<\/p>\n\n\n\n<p>Ten tweede, gezien de aanwezigheid van extreemrechtse Europese politici bij de prijsuitreiking, om de &#8220;Overeenkomst inzake politieke dialoog en samenwerking tussen de Europese Unie en Cuba&#8221; te saboteren. Met andere woorden, om de blokkade tegen het Caribische eiland en zijn revolutie te versterken.<\/p>\n\n\n\n<p>En ten derde, en misschien wel het belangrijkste, om het bezoek van de Cubaanse regeringsdelegatie aan de 78e Algemene Vergadering van de Verenigde Naties in New York te saboteren, waar president D\u00edaz-Canel aanwezig kan zijn om een toespraak te houden voor de internationale gemeenschap.<\/p>\n\n\n\n<p>Maar daarnaast heeft Boronat de regering van Zelensky gevraagd om hen te helpen hun contacten met de Oekra\u00efense gemeenschap in de Verenigde Staten te gebruiken om zich bij hen aan te sluiten in de demonstraties die ze van plan zijn in New York tegen de Cubaanse delegatie te houden.<\/p>\n\n\n\n<p>Cuba heeft zich bij de stemming in de Verenigde Naties tegen de Russische militaire interventie in Oekra\u00efne weliswaar van stemming onthouden en de dubbele moraal van het Westen en de poging om Rusland met NAVO-bases te omringen aan de kaak gesteld<\/p>\n\n\n\n<p>Maar laten we niet vergeten dat het een geschiedenis van solidariteit heeft met Oekra\u00efene.<br \/>Sinds het ongeluk in de Oekra\u00efense kerncentrale in Tsjernobyl (destijds onderdeel van de Sovjet-Unie) , werden 24.000 voornamelijk Oekra\u00efense kinderen in Cuba behandeld voor stralingsziekte.<\/p>\n\n\n\n<p>Tot nu toe in 2023 is de terrorist Orlando Guti\u00e9rrez Boronat naar Peru, Dominicaanse Republiek, Costa Rica, Paraguay, Zweden, Litouwen en Polen gereisd, samen met andere leden van het zogenaamde &#8220;Hemisferisch Front voor de Vrijheid&#8221;. Dit alles gebeurt op basis van aanbevelingen en onder persoonlijk toezicht van Senator Marco Rubio, lid van de selecte inlichtingencommissie van de Amerikaanse Senaat die de reis financierde.<\/p>\n\n\n\n<p><em>Katu Arkonada is een Baskische onderzoeker en politicoloog.<\/em><\/p>\n\n\n\n<p><em>Topfoto: Orlando Guti\u00e9rrez Boronat<\/em><\/p>\n\n\n\n<hr class=\"wp-block-separator has-alpha-channel-opacity\"\/>\n\n\n\n<p><strong>Gerelateerd (berichten in dit archief):<\/strong><\/p>\n\n\n\n<ul class=\"wp-block-list\">\n<li><a href=\"https:\/\/openbaararchief.nl\/caribic\/2023\/08\/30\/vs-niet-bereid-om-betrekkingen-met-cuba-te-verbeteren\/\">VS \u201cniet bereid\u201d om betrekkingen met Cuba te verbeteren<\/a> \u2013 Luis De Jesus Reyes, Claridad 29 augustus 2023<\/li>\n\n\n\n<li><a href=\"https:\/\/openbaararchief.nl\/caribic\/2023\/06\/28\/top-van-de-volkeren-17-18-juli-met-belangrijke-cubaanse-gasten\/\">Top Van de Volkeren 17-18 juli met belangrijke Cubaanse gasten<\/a> \u2013 Persbericht Cubanismo\/Solidair, 26 juni 2023<\/li>\n\n\n\n<li><a href=\"https:\/\/openbaararchief.nl\/caribic\/2023\/05\/26\/indrukwekkende-cijfers-van-60-jaar-cubaanse-medische-samenwerking\/\">Indrukwekkende cijfers van 60 jaar Cubaanse medische samenwerking over de hele wereld<\/a> \u2013 El Siglo, 24 mei 2023<\/li>\n\n\n\n<li><a href=\"https:\/\/openbaararchief.nl\/caribic\/2023\/05\/25\/green-go\/\">Green Go \u2013 Ga weg Yankee, niemand wil je!<\/a> \u2013 Ram\u00f3n Pedregal Casanova Redh-cuba 23 mei 2023<\/li>\n\n\n\n<li><a href=\"https:\/\/openbaararchief.nl\/caribic\/2023\/03\/30\/cuba-de-beste-democratie\/\">Cuba: De beste democratie op het westelijk halfrond<\/a> \u2013 Sergio Ortiz Resumen, 30 maart 2023<\/li>\n\n\n\n<li><a href=\"https:\/\/openbaararchief.nl\/caribic\/2023\/03\/22\/cubas-banden-met-de-arabische-wereld\/\">Cuba\u2019s banden met de Arabische wereld: Al Mayadeen interviewt Cubaans president Miguel Diaz-Canel (III)<\/a> \u2013 Al Mayadeen Netwerk, 21 Maart 2023<\/li>\n\n\n\n<li><a href=\"https:\/\/openbaararchief.nl\/caribic\/2023\/03\/22\/havana-en-de-wereld_interview\/\">Havana en de wereld: Al Mayadeen interviewt Cubaaans president Miguel Diaz-Canel (II)<\/a><\/li>\n\n\n\n<li><a href=\"https:\/\/openbaararchief.nl\/caribic\/2023\/03\/19\/cuba-revolutie-vs-embargo\/\">Cuba-revolutie, VS-embargo: Al Mayadeen interviewt Cubaanse president Miguel Diaz-Canel (I)<\/a> \u2013 Al Mayadeen, 19 Maart 2023<\/li>\n\n\n\n<li><a href=\"https:\/\/openbaararchief.nl\/caribic\/2023\/03\/21\/cuba-de-verkiezingen-op-26-maart\/\">Cuba: de verkiezingen op 26 maart<\/a> \u2013 Ram\u00f3n Pedregal Casanova REDH-Cuba 14 maart 2023<\/li>\n\n\n\n<li><a href=\"https:\/\/openbaararchief.nl\/caribic\/2023\/03\/10\/wat-is-de-achtergrond-van-de-grote-emigratiegolf-uit-cuba\/\">Wat is de achtergrond van de grote emigratiegolf uit Cuba?<\/a> \u2013 Wim Leysens, cubanismo.be 10 maart 2023<\/li>\n\n\n\n<li><a href=\"https:\/\/openbaararchief.nl\/caribic\/2023\/02\/15\/zware-tijden-in-cuba-deel-2\/\">Zware tijden in Cuba \u2013 deel 2<\/a> \u2013 Katrien Demuynck (be), Rogelio Polanco (cu) cubanismo.be, 15 februari 2023<\/li>\n\n\n\n<li><a href=\"https:\/\/openbaararchief.nl\/caribic\/2023\/02\/09\/zware-tijden-in-cuba-interview-deel-1\/\">Zware tijden in Cuba \u2013 Interview deel 1<\/a> \u2013 Katrien Demuynck, Rogelio Polanco cubanismo op 9 februari 2023<\/li>\n\n\n\n<li><a href=\"https:\/\/openbaararchief.nl\/caribic\/2022\/12\/03\/krijgt-cuba-100-jaar-om-de-zee-te-stoppen-boekrecensie\/\">Krijgt Cuba \u2018100 jaar om de zee te stoppen\u2019? \u2013 Boekrecensie<\/a> \u2013 Lode Vanoost dewereldmorgen.be 3 december 2022<\/li>\n\n\n\n<li><a href=\"https:\/\/openbaararchief.nl\/caribic\/2022\/12\/01\/laat-cuba-weer-opbouwen\/\">Laat Cuba weer opbouwen<\/a> \u2013 tekst van brieven van burgers van de VS aan de regeringsleiding van hun land<\/li>\n\n\n\n<li><a href=\"https:\/\/openbaararchief.nl\/caribic\/2022\/11\/03\/verenigde-naties-stemmen-over-de-vs-blokkade\/\">Verenigde Naties stemmen over de VS-blokkade tegen Cuba<\/a> \u2013 cubanismo, 3 november 2022<\/li>\n\n\n\n<li><a href=\"https:\/\/openbaararchief.nl\/caribic\/2022\/11\/03\/verklaring-van-cuba-op-de-unga\/\">Verklaring van Cuba op de UNGA, ter verdediging van Resolutie \u201cNoodzaak om de VS-Blokkade tegen Cuba te beeindigen\u201d<\/a> \u2013 VN, Cuba minrex 3 oktober 2022<\/li>\n\n\n\n<li><a href=\"https:\/\/youtu.be\/PD8PYHIuMwY?t=882\">Toespraak van Yoerky S\u00e1nchez Cuellar op de <\/a><a href=\"https:\/\/youtu.be\/PD8PYHIuMwY?t=882https:\/\/youtu.be\/PD8PYHIuMwY?t=879\">forumdiscussie<\/a><a href=\"https:\/\/youtu.be\/PD8PYHIuMwY?t=882\"> <em>\u201clinks, terug van nooit weggeweest in Latijns-Amerika\u201d<\/em><\/a>, (met NL-synchroonvertaling) \u2013 Manifiesta Oostende, Belgie, 18 september 2022<\/li>\n\n\n\n<li><a href=\"https:\/\/openbaararchief.nl\/caribic\/2022\/09\/04\/de-vs-blijft-erop-gokken-dat-cuba-zich-overgeeft\/\">De VS blijft erop gokken dat Cuba zich overgeeft uit honger en wanhoop<\/a> \u2013 Gustavo A Maranges Resumen Latinoamericano, 4 september 2022<\/li>\n\n\n\n<li><a href=\"https:\/\/openbaararchief.nl\/caribic\/2022\/07\/31\/vierde-linkse-golf-in-latijns-amerika\/\">Vierde linkse golf in Latijns-Amerika sinds de Cubaanse revolutie is sociaal-democratisch<\/a> \u2013 Vijay Prashad peoplesdemocracy 21 juli 2022<\/li>\n\n\n\n<li><a href=\"https:\/\/openbaararchief.nl\/caribic\/2022\/07\/11\/washington-zet-economische-oorlog-tegen-cuba-voort\/\">Washington zet economische oorlog tegen Cuba voort ondanks politiek isolement<\/a> \u2013 Ike Nahem us-cubanormalization 11 juli 2022<\/li>\n<\/ul>\n","protected":false},"excerpt":{"rendered":"<p>Bron: Katu Arkonada resumen-english 5 september 2023 ~~~ Volgens (hier niet nader genoemde) bronnen van het Ministerie van Buitenlandse Zaken is er een operatie gaande tegen de Cubaanse Revolutie, uitgevoerd door Orlando Gutierrez Boronat, een ultrarechtse politicus die banden heeft met de Amerikaanse inlichtingendiensten en die onlangs naar Oekra\u00efne is gereisd.<\/p>\n","protected":false},"author":1,"featured_media":12169,"comment_status":"closed","ping_status":"closed","sticky":false,"template":"","format":"standard","meta":{"footnotes":""},"categories":[7],"tags":[],"class_list":["post-11736","post","type-post","status-publish","format-standard","has-post-thumbnail","hentry","category-hoc-nl","entry"],"_links":{"self":[{"href":"https:\/\/www.cubasolidair.nl\/index.php?rest_route=\/wp\/v2\/posts\/11736","targetHints":{"allow":["GET"]}}],"collection":[{"href":"https:\/\/www.cubasolidair.nl\/index.php?rest_route=\/wp\/v2\/posts"}],"about":[{"href":"https:\/\/www.cubasolidair.nl\/index.php?rest_route=\/wp\/v2\/types\/post"}],"author":[{"embeddable":true,"href":"https:\/\/www.cubasolidair.nl\/index.php?rest_route=\/wp\/v2\/users\/1"}],"replies":[{"embeddable":true,"href":"https:\/\/www.cubasolidair.nl\/index.php?rest_route=%2Fwp%2Fv2%2Fcomments&post=11736"}],"version-history":[{"count":1,"href":"https:\/\/www.cubasolidair.nl\/index.php?rest_route=\/wp\/v2\/posts\/11736\/revisions"}],"predecessor-version":[{"id":12202,"href":"https:\/\/www.cubasolidair.nl\/index.php?rest_route=\/wp\/v2\/posts\/11736\/revisions\/12202"}],"wp:featuredmedia":[{"embeddable":true,"href":"https:\/\/www.cubasolidair.nl\/index.php?rest_route=\/wp\/v2\/media\/12169"}],"wp:attachment":[{"href":"https:\/\/www.cubasolidair.nl\/index.php?rest_route=%2Fwp%2Fv2%2Fmedia&parent=11736"}],"wp:term":[{"taxonomy":"category","embeddable":true,"href":"https:\/\/www.cubasolidair.nl\/index.php?rest_route=%2Fwp%2Fv2%2Fcategories&post=11736"},{"taxonomy":"post_tag","embeddable":true,"href":"https:\/\/www.cubasolidair.nl\/index.php?rest_route=%2Fwp%2Fv2%2Ftags&post=11736"}],"curies":[{"name":"wp","href":"https:\/\/api.w.org\/{rel}","templated":true}]}}