
{"id":11739,"date":"2023-09-13T23:25:00","date_gmt":"2023-09-13T21:25:00","guid":{"rendered":"https:\/\/openbaararchief.nl\/caribic\/?p=11739"},"modified":"2024-02-28T10:40:45","modified_gmt":"2024-02-28T10:40:45","slug":"biden-verlengt-de-wet-voor-blokkade-cuba","status":"publish","type":"post","link":"https:\/\/www.cubasolidair.nl\/?p=11739","title":{"rendered":"Biden verlengt de wet die de blokkade tegen Cuba regelt met nog een jaar."},"content":{"rendered":"\n<p>Bron: <a href=\"https:\/\/actualidad-rt.com\/actualidad\/479834-biden-extender-bloqueo-cuba\">RT-actualidad, 13 september 2023 <\/a>~~~<\/p>\n\n\n\n<p><strong>De Amerikaanse president Joe Biden heeft het ministerie van Financi\u00ebn opdracht gegeven om de Trading with the Enemy Act te verlengen, die de economische, commerci\u00eble en financi\u00eble blokkade regelt die sinds 1962 van kracht is tegen Cuba.<\/strong><\/p>\n\n\n\n<!--more-->\n\n\n\n<p>Deze wet dateert uit 1917, onder het mandaat van president Woodrow Wilson, en staat de toenmalige regering toe om commerci\u00eble activiteiten te beperken met landen die Washington als zijn vijanden beschouwt, zoals het geval is met Cuba.<\/p>\n\n\n\n<p>&#8220;<em>Ik bepaal hierbij dat de voortzetting van de uitoefening van deze bevoegdheden met betrekking tot Cuba voor \u00e9\u00e9n jaar in het nationale belang van de Verenigde Staten is,&#8221;<\/em> zei de president in een memorandum dat naar Financi\u00ebn werd gestuurd, een dag voordat Presidentieel Besluit nr. 2022-22 afliep.<\/p>\n\n\n\n<figure class=\"wp-block-image size-full\"><img decoding=\"async\" src=\"https:\/\/openbaararchief.nl\/caribic\/wp-content\/uploads\/sites\/4\/2023\/09\/VS-Cuba-image001-1.jpg\" alt=\"\" class=\"wp-image-11742\"\/><\/figure>\n\n\n\n<p>In het offici\u00eble document drong Biden er ook bij minister van Financi\u00ebn Janet Yellen op aan om de sancties tegen de Cubaanse economie af te dwingen.<\/p>\n\n\n\n<p>In dit memorandum, vrijgegeven door het Witte Huis en gericht aan het kantoor van minister van Buitenlandse Zaken Antony Blinken, wees president Biden erop dat de verlenging van de unilaterale maatregel gebaseerd is op de maatregel die op 7 september 2022 werd uitgevaardigd. Op deze manier blijft de maatregel van het Witte Huis, die al enkele decennia van kracht is, gehandhaafd tot 14 september 2024.<\/p>\n\n\n\n<h3 class=\"wp-block-heading\">Afwijzing bij de VN<\/h3>\n\n\n\n<p>De Verenigde Naties (VN) hebben het embargo, dat al 60 jaar van kracht is, jaarlijks afgewezen. In 2022 stemden 185 landen voor de door het eiland ingediende resolutie &#8220;Noodzaak om een einde te maken aan het economische, commerci\u00eble en financi\u00eble embargo van de Verenigde Staten van Amerika tegen Cuba&#8221;.<\/p>\n\n\n\n<hr class=\"wp-block-separator has-alpha-channel-opacity\"\/>\n\n\n\n<p><strong>Gerelateerd (berichten in dit archief):<\/strong><\/p>\n\n\n\n<ul class=\"wp-block-list\">\n<li><a href=\"https:\/\/openbaararchief.nl\/caribic\/2023\/09\/05\/van-oekraine-naar-de-verenigde-naties-orlando-boronats-operatie-tegen-cuba\/\">Van Oekra\u00efne naar de Verenigde Naties: Orlando Boronat\u2019s operatie tegen Cuba<\/a> &#8211; Katu Arkonada resumen-english 5 september 2023<\/li>\n\n\n\n<li><a href=\"https:\/\/openbaararchief.nl\/caribic\/2023\/08\/30\/vs-niet-bereid-om-betrekkingen-met-cuba-te-verbeteren\/\">VS \u201cniet bereid\u201d om betrekkingen met Cuba te verbeteren<\/a> \u2013 Luis De Jesus Reyes, Claridad 29 augustus 2023<\/li>\n\n\n\n<li><a href=\"https:\/\/openbaararchief.nl\/caribic\/2023\/06\/28\/top-van-de-volkeren-17-18-juli-met-belangrijke-cubaanse-gasten\/\">Top Van de Volkeren 17-18 juli met belangrijke Cubaanse gasten<\/a> \u2013 Persbericht Cubanismo\/Solidair, 26 juni 2023<\/li>\n\n\n\n<li><a href=\"https:\/\/openbaararchief.nl\/caribic\/2023\/05\/26\/indrukwekkende-cijfers-van-60-jaar-cubaanse-medische-samenwerking\/\">Indrukwekkende cijfers van 60 jaar Cubaanse medische samenwerking over de hele wereld<\/a> \u2013 El Siglo, 24 mei 2023<\/li>\n\n\n\n<li><a href=\"https:\/\/openbaararchief.nl\/caribic\/2023\/05\/25\/green-go\/\">Green Go \u2013 Ga weg Yankee, niemand wil je!<\/a> \u2013 Ram\u00f3n Pedregal Casanova Redh-cuba 23 mei 2023<\/li>\n\n\n\n<li><a href=\"https:\/\/openbaararchief.nl\/caribic\/2023\/03\/30\/cuba-de-beste-democratie\/\">Cuba: De beste democratie op het westelijk halfrond<\/a> \u2013 Sergio Ortiz Resumen, 30 maart 2023<\/li>\n\n\n\n<li><a href=\"https:\/\/openbaararchief.nl\/caribic\/2023\/03\/22\/cubas-banden-met-de-arabische-wereld\/\">Cuba\u2019s banden met de Arabische wereld: Al Mayadeen interviewt Cubaans president Miguel Diaz-Canel (III)<\/a> \u2013 Al Mayadeen Netwerk, 21 Maart 2023<\/li>\n\n\n\n<li><a href=\"https:\/\/openbaararchief.nl\/caribic\/2023\/03\/22\/havana-en-de-wereld_interview\/\">Havana en de wereld: Al Mayadeen interviewt Cubaaans president Miguel Diaz-Canel (II)<\/a><\/li>\n\n\n\n<li><a href=\"https:\/\/openbaararchief.nl\/caribic\/2023\/03\/19\/cuba-revolutie-vs-embargo\/\">Cuba-revolutie, VS-embargo: Al Mayadeen interviewt Cubaanse president Miguel Diaz-Canel (I)<\/a> \u2013 Al Mayadeen, 19 Maart 2023<\/li>\n\n\n\n<li><a href=\"https:\/\/openbaararchief.nl\/caribic\/2023\/03\/21\/cuba-de-verkiezingen-op-26-maart\/\">Cuba: de verkiezingen op 26 maart<\/a> \u2013 Ram\u00f3n Pedregal Casanova REDH-Cuba 14 maart 2023<\/li>\n\n\n\n<li><a href=\"https:\/\/openbaararchief.nl\/caribic\/2023\/03\/10\/wat-is-de-achtergrond-van-de-grote-emigratiegolf-uit-cuba\/\">Wat is de achtergrond van de grote emigratiegolf uit Cuba?<\/a> \u2013 Wim Leysens, cubanismo.be 10 maart 2023<\/li>\n\n\n\n<li><a href=\"https:\/\/openbaararchief.nl\/caribic\/2023\/02\/15\/zware-tijden-in-cuba-deel-2\/\">Zware tijden in Cuba \u2013 deel 2<\/a> \u2013 Katrien Demuynck (be), Rogelio Polanco (cu) cubanismo.be, 15 februari 2023<\/li>\n\n\n\n<li><a href=\"https:\/\/openbaararchief.nl\/caribic\/2023\/02\/09\/zware-tijden-in-cuba-interview-deel-1\/\">Zware tijden in Cuba \u2013 Interview deel 1<\/a> \u2013 Katrien Demuynck, Rogelio Polanco cubanismo op 9 februari 2023<\/li>\n\n\n\n<li><a href=\"https:\/\/openbaararchief.nl\/caribic\/2022\/12\/03\/krijgt-cuba-100-jaar-om-de-zee-te-stoppen-boekrecensie\/\">Krijgt Cuba \u2018100 jaar om de zee te stoppen\u2019? \u2013 Boekrecensie<\/a> \u2013 Lode Vanoost dewereldmorgen.be 3 december 2022<\/li>\n\n\n\n<li><a href=\"https:\/\/openbaararchief.nl\/caribic\/2022\/12\/01\/laat-cuba-weer-opbouwen\/\">Laat Cuba weer opbouwen<\/a> \u2013 tekst van brieven van burgers van de VS aan de regeringsleiding van hun land<\/li>\n\n\n\n<li><a href=\"https:\/\/openbaararchief.nl\/caribic\/2022\/11\/03\/verenigde-naties-stemmen-over-de-vs-blokkade\/\">Verenigde Naties stemmen over de VS-blokkade tegen Cuba<\/a> \u2013 cubanismo, 3 november 2022<\/li>\n\n\n\n<li><a href=\"https:\/\/openbaararchief.nl\/caribic\/2022\/11\/03\/verklaring-van-cuba-op-de-unga\/\">Verklaring van Cuba op de UNGA, ter verdediging van Resolutie \u201cNoodzaak om de VS-Blokkade tegen Cuba te beeindigen\u201d<\/a> \u2013 VN, Cuba minrex 3 oktober 2022<\/li>\n\n\n\n<li><a href=\"https:\/\/youtu.be\/PD8PYHIuMwY?t=882\">Toespraak van Yoerky S\u00e1nchez Cuellar op de <\/a><a href=\"https:\/\/youtu.be\/PD8PYHIuMwY?t=882https:\/\/youtu.be\/PD8PYHIuMwY?t=879\">forumdiscussie<\/a><a href=\"https:\/\/youtu.be\/PD8PYHIuMwY?t=882\"> <em>\u201clinks, terug van nooit weggeweest in Latijns-Amerika\u201d<\/em><\/a>, (met NL-synchroonvertaling) \u2013 Manifiesta Oostende, Belgie, 18 september 2022<\/li>\n\n\n\n<li><a href=\"https:\/\/openbaararchief.nl\/caribic\/2022\/09\/04\/de-vs-blijft-erop-gokken-dat-cuba-zich-overgeeft\/\">De VS blijft erop gokken dat Cuba zich overgeeft uit honger en wanhoop<\/a> \u2013 Gustavo A Maranges Resumen Latinoamericano, 4 september 2022<\/li>\n\n\n\n<li><a href=\"https:\/\/openbaararchief.nl\/caribic\/2022\/07\/31\/vierde-linkse-golf-in-latijns-amerika\/\">Vierde linkse golf in Latijns-Amerika sinds de Cubaanse revolutie is sociaal-democratisch<\/a> \u2013 Vijay Prashad peoplesdemocracy 21 juli 2022<\/li>\n\n\n\n<li><a href=\"https:\/\/openbaararchief.nl\/caribic\/2022\/07\/11\/washington-zet-economische-oorlog-tegen-cuba-voort\/\">Washington zet economische oorlog tegen Cuba voort ondanks politiek isolement<\/a> \u2013 Ike Nahem us-cubanormalization 11 juli 2022<\/li>\n<\/ul>\n","protected":false},"excerpt":{"rendered":"<p>Bron: RT-actualidad, 13 september 2023 ~~~ De Amerikaanse president Joe Biden heeft het ministerie van Financi\u00ebn opdracht gegeven om de Trading with the Enemy Act te verlengen, die de economische, commerci\u00eble en financi\u00eble blokkade regelt die sinds 1962 van kracht is tegen Cuba.<\/p>\n","protected":false},"author":1,"featured_media":12173,"comment_status":"closed","ping_status":"closed","sticky":false,"template":"","format":"standard","meta":{"footnotes":""},"categories":[7],"tags":[],"class_list":["post-11739","post","type-post","status-publish","format-standard","has-post-thumbnail","hentry","category-hoc-nl","entry"],"_links":{"self":[{"href":"https:\/\/www.cubasolidair.nl\/index.php?rest_route=\/wp\/v2\/posts\/11739","targetHints":{"allow":["GET"]}}],"collection":[{"href":"https:\/\/www.cubasolidair.nl\/index.php?rest_route=\/wp\/v2\/posts"}],"about":[{"href":"https:\/\/www.cubasolidair.nl\/index.php?rest_route=\/wp\/v2\/types\/post"}],"author":[{"embeddable":true,"href":"https:\/\/www.cubasolidair.nl\/index.php?rest_route=\/wp\/v2\/users\/1"}],"replies":[{"embeddable":true,"href":"https:\/\/www.cubasolidair.nl\/index.php?rest_route=%2Fwp%2Fv2%2Fcomments&post=11739"}],"version-history":[{"count":1,"href":"https:\/\/www.cubasolidair.nl\/index.php?rest_route=\/wp\/v2\/posts\/11739\/revisions"}],"predecessor-version":[{"id":12198,"href":"https:\/\/www.cubasolidair.nl\/index.php?rest_route=\/wp\/v2\/posts\/11739\/revisions\/12198"}],"wp:featuredmedia":[{"embeddable":true,"href":"https:\/\/www.cubasolidair.nl\/index.php?rest_route=\/wp\/v2\/media\/12173"}],"wp:attachment":[{"href":"https:\/\/www.cubasolidair.nl\/index.php?rest_route=%2Fwp%2Fv2%2Fmedia&parent=11739"}],"wp:term":[{"taxonomy":"category","embeddable":true,"href":"https:\/\/www.cubasolidair.nl\/index.php?rest_route=%2Fwp%2Fv2%2Fcategories&post=11739"},{"taxonomy":"post_tag","embeddable":true,"href":"https:\/\/www.cubasolidair.nl\/index.php?rest_route=%2Fwp%2Fv2%2Ftags&post=11739"}],"curies":[{"name":"wp","href":"https:\/\/api.w.org\/{rel}","templated":true}]}}