
{"id":11862,"date":"2023-11-02T23:44:00","date_gmt":"2023-11-02T21:44:00","guid":{"rendered":"https:\/\/openbaararchief.nl\/caribic\/?p=11862"},"modified":"2024-02-28T12:31:33","modified_gmt":"2024-02-28T12:31:33","slug":"vn-stemt-overweldigend-voor-veroordeling-vs-embargo-tegen-cuba","status":"publish","type":"post","link":"https:\/\/www.cubasolidair.nl\/?p=11862","title":{"rendered":"VN stemt overweldigend voor veroordeling VS-embargo tegen Cuba"},"content":{"rendered":"\n<p>Bron:<a href=\"https:\/\/www.rt.com\/news\/586453-un-condemn-us-embargo-cuba\/\"> RT.com  2 november 2023 <\/a>~~~<\/p>\n\n\n\n<p>De VS en Isra\u00ebl waren de enige twee van de 190 VN-leden die tegen de resolutie waren.<\/p>\n\n\n\n<!--more-->\n\n\n\n<p>De Algemene Vergadering van de Verenigde Naties (AVVN) heeft haar jaarlijkse resolutie aangenomen waarin Washington wordt opgeroepen een einde te maken aan de decennialange economische blokkade van Cuba. Het document, dat voor de 31e keer werd aangenomen, kreeg bijna unanieme steun. Alleen de VS en Isra\u00ebl waren tegen van de 190 landen die bij de stemming aanwezig waren. Oekra\u00efne was het enige lid dat zich onthield van stemming.<\/p>\n\n\n\n<p>Het document dringt er bij elk land op aan om &#8220;af te zien van het afkondigen en toepassen&#8221; van economische sancties tegen Cuba en stelt dat de AVVN &#8220;bezorgd&#8221; is over het feit dat &#8220;het economische, commerci\u00eble en financi\u00eble embargo tegen Cuba nog steeds van kracht is&#8221;. De resolutie roept ook elk land dat dergelijke beperkingen tegen Havana blijft handhaven op om ze &#8220;zo snel mogelijk in te trekken of ongeldig te maken&#8221;.<\/p>\n\n\n\n<p>Vorig jaar waren de VS en Isra\u00ebl ook de enige twee landen die tegen het document stemden, terwijl Brazili\u00eb zich samen met Oekra\u00efne onthield van stemming.<\/p>\n\n\n\n<p>In de aanloop naar de stemming zei de Cubaanse minister van Buitenlandse Zaken Bruno Rodr\u00edguez Parrilla in de AVVN dat het beleid van Washington neerkomt op &#8220;een daad van economische oorlogsvoering in vredestijd&#8221;. Cuba vormt geen bedreiging voor de VS en Amerika&#8217;s &#8220;illegale, wrede en onmenselijke beleid&#8221; is niets anders dan een poging om de grondwettelijke orde van het eiland te vernietigen, voegde hij eraan toe.<\/p>\n\n\n\n<p>De minister zei dat de &#8220;verscherping van de economische belegering&#8221; onlangs gepaard was gegaan met een desinformatiecampagne tegen zijn land, met als doel het in diskrediet te brengen. Cuba&#8217;s topdiplomaat sprak ook zijn steun uit voor het volk van Palestina en eiste dat de Isra\u00eblische bombardementen op Gaza zouden stoppen. &#8220;Deze barbaarse daden moeten stoppen,&#8221; zei hij.<\/p>\n\n\n\n<p>Na de stemming verklaarde Paul Folmsbee, vertegenwoordiger van de VS bij de VN, eenvoudigweg dat &#8220;de VS tegen deze resolutie is&#8221; en voegde eraan toe dat sancties slechts &#8220;een van de instrumenten&#8221; in het Amerikaanse arsenaal zijn. Hij zei ook dat Washington Cuba alleen maar wil aanmoedigen om &#8220;de democratie te bevorderen&#8221;.<\/p>\n\n\n\n<p>De VS verbrak de diplomatieke betrekkingen met Cuba in 1960, nadat Fidel Castro en de Communistische Partij van Cuba in 1959 de door de VS gesteunde militaire dictatuur van Fulgencio Batista hadden verslagen. Washington legde ook een militaire blokkade van het eiland op in 1962, tijdens een nucleaire raketcrisis met de Sovjet-Unie. De economische blokkade is sindsdien van kracht.<\/p>\n\n\n\n<p>De beperkingen werden versoepeld tijdens het presidentschap van Barack Obama, maar werden opnieuw ingesteld onder de regering van Donald Trump. Joe Biden en zijn regering hebben geen tekenen gegeven van het be\u00ebindigen van de handelsbeperkingen, ondanks tientallen jaren van internationale veroordeling. Washington heeft in 2021 verdere sancties ingesteld tegen Havana, nadat de autoriteiten anti-regeringsrellen onderdrukten die volgens hen door de VS werden gesteund.<\/p>\n\n\n\n<p>Begin oktober beschuldigde Havana de VS van het uitlokken van een economische crisis in Cuba. Het sanctiebeleid van Washington heeft geleid tot kritieke tekorten aan voedsel, brandstof en medicijnen op het eiland, wat heeft geleid tot massale emigratie, zei het.<\/p>\n\n\n\n<p><em>Topfoto: VN stemt overweldigend voor veroordeling VS-embargo tegen Cuba FILE FOTO. \u00a9 Global Look Press \/ Evan Schneider<\/em><\/p>\n\n\n\n<hr class=\"wp-block-separator has-alpha-channel-opacity\"\/>\n\n\n\n<p>Gerelateerde berichten in dit archief:<\/p>\n\n\n\n<ul class=\"wp-block-list\">\n<li><a href=\"https:\/\/openbaararchief.nl\/caribic\/2023\/11\/02\/nieuwe-diplomatieke-overwinning-voor-cuba\/\">Nieuwe diplomatieke overwinning voor Cuba<\/a> &#8211; Cubanismo.be 2 november 2023<\/li>\n\n\n\n<li><a href=\"https:\/\/openbaararchief.nl\/caribic\/2023\/09\/29\/cuba-de-grote-uitdagingen_interview\/\">Cuba: de grote uitdagingen zijn een stimulans om vooruit te komen (volledig interview)<\/a> &#8211; RedH-belgie. dewereldmorgen.be 29 september 2023<\/li>\n\n\n\n<li><a href=\"https:\/\/openbaararchief.nl\/caribic\/2023\/09\/25\/terroristische-aanslag-op-de-cubaanse-ambassade-in-de-vs\/\">Terroristische aanslag op de Cubaanse ambassade in de VS<\/a> &#8211; Cubaminrex 25 september 2023<\/li>\n\n\n\n<li><a href=\"https:\/\/openbaararchief.nl\/caribic\/2023\/09\/24\/vn-regeringsleiders-veroordelen-de-vs-blokkade-tegen-cuba\/\">VN, Regeringsleiders veroordelen de VS-blokkade tegen Cuba<\/a> &#8211; Algemene vergadering van de VN un.org, 19 t\/m 23 september 2023<\/li>\n\n\n\n<li><\/li>\n\n\n\n<li><a href=\"https:\/\/openbaararchief.nl\/caribic\/2023\/09\/15\/live-g77-china-top-in-havana\/\">Live: G77 &amp; China \u2013 top in Havana<\/a> &#8211; Persteam Havana, Granma.cu 15 september 2023<\/li>\n\n\n\n<li><a href=\"https:\/\/openbaararchief.nl\/caribic\/2023\/09\/14\/cubaanse-ambassadeur_g77-geeft-zuiden-hoop\/\">Cubaanse ambassadeur aan Al Mayadeen: G77 geeft Zuiden hoop<\/a> &#8211; Al Mayadeen English 13 Sep 2023<\/li>\n\n\n\n<li><a href=\"https:\/\/openbaararchief.nl\/caribic\/2023\/09\/13\/biden-verlengt-de-wet-voor-blokkade-cuba\/\">Biden verlengt de wet die de blokkade tegen Cuba regelt met nog een jaar<\/a> \u2013 RT-actualidad, 13 september 2023<\/li>\n\n\n\n<li><a href=\"https:\/\/openbaararchief.nl\/caribic\/2023\/09\/05\/van-oekraine-naar-de-verenigde-naties-orlando-boronats-operatie-tegen-cuba\/\">Van Oekra\u00efne naar de Verenigde Naties: Orlando Boronat\u2019s operatie tegen Cuba<\/a> \u2013 Katu Arkonada resumen-english 5 september 2023<\/li>\n\n\n\n<li><a href=\"https:\/\/openbaararchief.nl\/caribic\/2023\/08\/30\/vs-niet-bereid-om-betrekkingen-met-cuba-te-verbeteren\/\">VS \u201cniet bereid\u201d om betrekkingen met Cuba te verbeteren<\/a> \u2013 Luis De Jesus Reyes, Claridad 29 augustus 2023<\/li>\n\n\n\n<li><a href=\"https:\/\/openbaararchief.nl\/caribic\/2023\/05\/25\/green-go\/\">Green Go \u2013 Ga weg Yankee, niemand wil je!<\/a> \u2013 Ram\u00f3n Pedregal Casanova Redh-cuba 23 mei 2023<\/li>\n\n\n\n<li><a href=\"https:\/\/openbaararchief.nl\/caribic\/2023\/03\/30\/cuba-de-beste-democratie\/\">Cuba: De beste democratie op het westelijk halfrond<\/a> \u2013 Sergio Ortiz Resumen, 30 maart 2023<\/li>\n\n\n\n<li><a href=\"https:\/\/openbaararchief.nl\/caribic\/2023\/03\/22\/cubas-banden-met-de-arabische-wereld\/\">Cuba\u2019s banden met de Arabische wereld: Al Mayadeen interviewt Cubaans president Miguel Diaz-Canel (III)<\/a> \u2013 Al Mayadeen Netwerk, 21 Maart 2023<\/li>\n\n\n\n<li><a href=\"https:\/\/openbaararchief.nl\/caribic\/2023\/03\/22\/havana-en-de-wereld_interview\/\">Havana en de wereld: Al Mayadeen interviewt Cubaaans president Miguel Diaz-Canel (II)<\/a><\/li>\n\n\n\n<li><a href=\"https:\/\/openbaararchief.nl\/caribic\/2023\/03\/19\/cuba-revolutie-vs-embargo\/\">Cuba-revolutie, VS-embargo: Al Mayadeen interviewt Cubaanse president Miguel Diaz-Canel (I)<\/a> \u2013 Al Mayadeen, 19 Maart 2023<\/li>\n\n\n\n<li><a href=\"https:\/\/openbaararchief.nl\/caribic\/2023\/03\/21\/cuba-de-verkiezingen-op-26-maart\/\">Cuba: de verkiezingen op 26 maart<\/a> \u2013 Ram\u00f3n Pedregal Casanova REDH-Cuba 14 maart 2023<\/li>\n\n\n\n<li><a href=\"https:\/\/openbaararchief.nl\/caribic\/2023\/03\/10\/wat-is-de-achtergrond-van-de-grote-emigratiegolf-uit-cuba\/\">Wat is de achtergrond van de grote emigratiegolf uit Cuba?<\/a> \u2013 Wim Leysens, cubanismo.be 10 maart 2023<\/li>\n\n\n\n<li><a href=\"https:\/\/openbaararchief.nl\/caribic\/2023\/02\/15\/zware-tijden-in-cuba-deel-2\/\">Zware tijden in Cuba \u2013 deel 2<\/a> \u2013 Katrien Demuynck (be), Rogelio Polanco (cu) cubanismo.be, 15 februari 2023<\/li>\n\n\n\n<li><a href=\"https:\/\/openbaararchief.nl\/caribic\/2023\/02\/09\/zware-tijden-in-cuba-interview-deel-1\/\">Zware tijden in Cuba \u2013 Interview deel 1<\/a> \u2013 Katrien Demuynck, Rogelio Polanco cubanismo op 9 februari 2023<\/li>\n\n\n\n<li><a href=\"https:\/\/openbaararchief.nl\/caribic\/2022\/12\/03\/krijgt-cuba-100-jaar-om-de-zee-te-stoppen-boekrecensie\/\">Krijgt Cuba \u2018100 jaar om de zee te stoppen\u2019? \u2013 Boekrecensie<\/a> \u2013 Lode Vanoost dewereldmorgen.be 3 december 2022<\/li>\n\n\n\n<li><a href=\"https:\/\/openbaararchief.nl\/caribic\/2022\/12\/01\/laat-cuba-weer-opbouwen\/\">Laat Cuba weer opbouwen<\/a> \u2013 tekst van brieven van burgers van de VS aan de regeringsleiding van hun land<\/li>\n\n\n\n<li><a href=\"https:\/\/openbaararchief.nl\/caribic\/2022\/11\/03\/verenigde-naties-stemmen-over-de-vs-blokkade\/\">Verenigde Naties stemmen over de VS-blokkade tegen Cuba<\/a> \u2013 cubanismo, 3 november 2022<\/li>\n\n\n\n<li><a href=\"https:\/\/openbaararchief.nl\/caribic\/2022\/11\/03\/verklaring-van-cuba-op-de-unga\/\">Verklaring van Cuba op de UNGA, ter verdediging van Resolutie \u201cNoodzaak om de VS-Blokkade tegen Cuba te beeindigen\u201d<\/a> \u2013 VN, Cuba minrex 3 oktober 2022<\/li>\n\n\n\n<li><a href=\"https:\/\/youtu.be\/PD8PYHIuMwY?t=882\">Toespraak van Yoerky S\u00e1nchez Cuellar op de <\/a><a href=\"https:\/\/youtu.be\/PD8PYHIuMwY?t=882https:\/\/youtu.be\/PD8PYHIuMwY?t=879\">forumdiscussie<\/a><a href=\"https:\/\/youtu.be\/PD8PYHIuMwY?t=882\"> <em>\u201clinks, terug van nooit weggeweest in Latijns-Amerika\u201d<\/em><\/a>, (met NL-synchroonvertaling) \u2013 Manifiesta Oostende, Belgie, 18 september 2022<\/li>\n\n\n\n<li><a href=\"https:\/\/openbaararchief.nl\/caribic\/2022\/09\/04\/de-vs-blijft-erop-gokken-dat-cuba-zich-overgeeft\/\">De VS blijft erop gokken dat Cuba zich overgeeft uit honger en wanhoop<\/a> \u2013 Gustavo A Maranges Resumen Latinoamericano, 4 september 2022<\/li>\n\n\n\n<li><a href=\"https:\/\/openbaararchief.nl\/caribic\/2022\/07\/31\/vierde-linkse-golf-in-latijns-amerika\/\">Vierde linkse golf in Latijns-Amerika sinds de Cubaanse revolutie is sociaal-democratisch<\/a> \u2013 Vijay Prashad peoplesdemocracy 21 juli 2022<\/li>\n\n\n\n<li><a href=\"https:\/\/openbaararchief.nl\/caribic\/2022\/07\/11\/washington-zet-economische-oorlog-tegen-cuba-voort\/\">Washington zet economische oorlog tegen Cuba voort ondanks politiek isolement<\/a> \u2013 Ike Nahem us-cubanormalization 11 juli 2022<\/li>\n<\/ul>\n","protected":false},"excerpt":{"rendered":"<p>Bron: RT.com 2 november 2023 ~~~ De VS en Isra\u00ebl waren de enige twee van de 190 VN-leden die tegen de resolutie waren.<\/p>\n","protected":false},"author":1,"featured_media":12181,"comment_status":"closed","ping_status":"closed","sticky":false,"template":"","format":"standard","meta":{"footnotes":""},"categories":[7],"tags":[],"class_list":["post-11862","post","type-post","status-publish","format-standard","has-post-thumbnail","hentry","category-hoc-nl","entry"],"_links":{"self":[{"href":"https:\/\/www.cubasolidair.nl\/index.php?rest_route=\/wp\/v2\/posts\/11862","targetHints":{"allow":["GET"]}}],"collection":[{"href":"https:\/\/www.cubasolidair.nl\/index.php?rest_route=\/wp\/v2\/posts"}],"about":[{"href":"https:\/\/www.cubasolidair.nl\/index.php?rest_route=\/wp\/v2\/types\/post"}],"author":[{"embeddable":true,"href":"https:\/\/www.cubasolidair.nl\/index.php?rest_route=\/wp\/v2\/users\/1"}],"replies":[{"embeddable":true,"href":"https:\/\/www.cubasolidair.nl\/index.php?rest_route=%2Fwp%2Fv2%2Fcomments&post=11862"}],"version-history":[{"count":1,"href":"https:\/\/www.cubasolidair.nl\/index.php?rest_route=\/wp\/v2\/posts\/11862\/revisions"}],"predecessor-version":[{"id":12191,"href":"https:\/\/www.cubasolidair.nl\/index.php?rest_route=\/wp\/v2\/posts\/11862\/revisions\/12191"}],"wp:featuredmedia":[{"embeddable":true,"href":"https:\/\/www.cubasolidair.nl\/index.php?rest_route=\/wp\/v2\/media\/12181"}],"wp:attachment":[{"href":"https:\/\/www.cubasolidair.nl\/index.php?rest_route=%2Fwp%2Fv2%2Fmedia&parent=11862"}],"wp:term":[{"taxonomy":"category","embeddable":true,"href":"https:\/\/www.cubasolidair.nl\/index.php?rest_route=%2Fwp%2Fv2%2Fcategories&post=11862"},{"taxonomy":"post_tag","embeddable":true,"href":"https:\/\/www.cubasolidair.nl\/index.php?rest_route=%2Fwp%2Fv2%2Ftags&post=11862"}],"curies":[{"name":"wp","href":"https:\/\/api.w.org\/{rel}","templated":true}]}}