
{"id":12582,"date":"2025-01-22T15:51:38","date_gmt":"2025-01-22T15:51:38","guid":{"rendered":"https:\/\/www.cubasolidair.nl\/?p=12582"},"modified":"2025-08-06T19:39:53","modified_gmt":"2025-08-06T19:39:53","slug":"cuba-vaincra-face-a-lassaut-imperialiste","status":"publish","type":"post","link":"https:\/\/www.cubasolidair.nl\/?p=12582","title":{"rendered":"Cuba vaincra face \u00e0 l&#8217;assaut imp\u00e9rialiste"},"content":{"rendered":"\n<p><strong>D\u00e9claration du gouvernement r\u00e9volutionnaire<\/strong><\/p>\n\n\n\n<p>Le pr\u00e9sident am\u00e9ricain Donald Trump se d\u00e9cha\u00eene contre Cuba d\u00e8s le premier jour et sans aucun pr\u00e9texte. La d\u00e9cision de r\u00e9tablir les dures mesures de guerre \u00e9conomique contre Cuba, que son pr\u00e9d\u00e9cesseur avait \u00e9limin\u00e9es quelques jours auparavant, est une d\u00e9monstration de l&#8217;agressivit\u00e9 de l&#8217;imp\u00e9rialisme am\u00e9ricain contre la souverainet\u00e9, la paix et le bien-\u00eatre de la population cubaine. Parmi elles, l&#8217;inclusion de notre pays, une fois de plus, dans la liste arbitraire des \u00c9tats cens\u00e9s soutenir le terrorisme, une d\u00e9signation qui t\u00e9moigne d&#8217;un m\u00e9pris absolu pour la v\u00e9rit\u00e9.<\/p>\n\n\n\n<p>Cela n&#8217;est pas surprenant. Le communiqu\u00e9 publi\u00e9 par le minist\u00e8re des affaires \u00e9trang\u00e8res le 14 janvier pr\u00e9venait d\u00e9j\u00e0 : \u00ab que le gouvernement de ce pays pourrait revenir \u00e0 l&#8217;avenir sur les mesures adopt\u00e9es aujourd&#8217;hui, comme cela s&#8217;est produit en d&#8217;autres occasions et comme signe du manque de l\u00e9gitimit\u00e9, d&#8217;\u00e9thique, de coh\u00e9rence et de raison dans sa conduite \u00e0 l&#8217;\u00e9gard de Cuba \u00bb. Il a \u00e9galement affirm\u00e9 que \u00ab les hommes politiques am\u00e9ricains n&#8217;ont pas l&#8217;habitude de s&#8217;arr\u00eater pour trouver des justifications&#8230; \u00bb. C&#8217;est ainsi qu&#8217;ils gouvernent dans ce pays.<\/p>\n\n\n\n<p>Trump a interpr\u00e9t\u00e9 son accession au pouvoir comme le couronnement d&#8217;un empereur. Son ambition comprend, pour commencer, la conqu\u00eate du Canada, l&#8217;usurpation du Groenland, le changement de nom du golfe du Mexique et la d\u00e9possession des Panam\u00e9ens de leur canal. La doctrine h\u00e9g\u00e9monique de Monroe et la Destin\u00e9e Manifeste, qui ont \u00e9t\u00e9 impos\u00e9es \u00e0 l&#8217;Am\u00e9rique latine et aux Cara\u00efbes par le sang et le feu, guident la nouvelle \u00e9quipe gouvernementale.<\/p>\n\n\n\n<p>Les groupes et les hommes politiques qui ont fait de l&#8217;agression contre Cuba un mode de vie, qui ont profit\u00e9 pendant des d\u00e9cennies du business anti-cubain, et qui partagent aujourd&#8217;hui l&#8217;ivresse du nouveau pr\u00e9sident, lui sont associ\u00e9s. Tous portent une lourde responsabilit\u00e9 dans la situation \u00e9conomique difficile du pays et dans l&#8217;augmentation du flux migratoire de Cuba vers les \u00c9tats-Unis.<\/p>\n\n\n\n<p>Ce nouvel acte d&#8217;agression du gouvernement am\u00e9ricain contre le peuple cubain montre, une fois de plus, le v\u00e9ritable objectif, cruel et impitoyable, de ces mesures d&#8217;encerclement et d&#8217;\u00e9touffement, et de tant d&#8217;autres, qui sont appliqu\u00e9es \u00e0 Cuba \u00e0 des fins de domination. C&#8217;est la r\u00e9action d&#8217;impuissance face \u00e0 l&#8217;impossibilit\u00e9 de faire plier notre volont\u00e9 et face au respect, \u00e0 la sympathie et au soutien que la R\u00e9volution suscite parmi les peuples du monde.<\/p>\n\n\n\n<p>Le blocus \u00e9conomique, son renforcement et les nouvelles mesures agressives continueront \u00e0 peser, avec un effet tr\u00e8s n\u00e9faste, sur notre \u00e9conomie, le niveau de vie, le potentiel de d\u00e9veloppement et les r\u00eaves l\u00e9gitimes de justice et de bien-\u00eatre du peuple cubain, comme ils l&#8217;ont fait ces derni\u00e8res ann\u00e9es.<\/p>\n\n\n\n<p>Elles ne nous d\u00e9tourneront pas de notre voie socialiste, de notre d\u00e9termination \u00e0 redresser l&#8217;\u00e9conomie, \u00e0 encourager la plus grande solidarit\u00e9, la cr\u00e9ativit\u00e9, le talent, l&#8217;esprit de travail, et \u00e0 d\u00e9fendre la libert\u00e9, l&#8217;ind\u00e9pendance, la souverainet\u00e9 et le privil\u00e8ge de construire un avenir sans ing\u00e9rence \u00e9trang\u00e8re comme un bastion inexpugnable.<\/p>\n\n\n\n<p>Le peuple cubain est reconnaissant pour les nombreuses expressions de soutien et de solidarit\u00e9 re\u00e7ues du monde entier, des gouvernements, des Cubains vivant \u00e0 l&#8217;\u00e9tranger, des parlements, des organisations politiques, religieuses et sociales et des personnalit\u00e9s politiques des \u00c9tats-Unis et d&#8217;autres pays.<\/p>\n\n\n\n<p>Personne ne doit se faire d&#8217;illusions. Le peuple cubain s&#8217;est exprim\u00e9 avec une d\u00e9termination et une force \u00e9videntes lors de la marche du 20 d\u00e9cembre. Ici pr\u00e9vaut la conviction que CUBA VA GAGNER.<\/p>\n\n\n\n<p>LA PATRIE OU LA MORT, NOUS VAINCRONS.<\/p>\n\n\n\n<p>La Havane, 21 janvier 2025.<\/p>\n\n\n\n<p>(Cubaminrex)<\/p>\n","protected":false},"excerpt":{"rendered":"<p>D\u00e9claration du gouvernement r\u00e9volutionnaire Le pr\u00e9sident am\u00e9ricain Donald Trump se d\u00e9cha\u00eene contre Cuba d\u00e8s le premier jour et sans aucun pr\u00e9texte. La d\u00e9cision de r\u00e9tablir les dures mesures de guerre \u00e9conomique contre Cuba, que son pr\u00e9d\u00e9cesseur avait \u00e9limin\u00e9es quelques jours auparavant, est une d\u00e9monstration de l&#8217;agressivit\u00e9 de l&#8217;imp\u00e9rialisme am\u00e9ricain contre la souverainet\u00e9, la paix et&hellip; <a class=\"more-link\" href=\"https:\/\/www.cubasolidair.nl\/?p=12582\">Continue reading <span class=\"screen-reader-text\">Cuba vaincra face \u00e0 l&#8217;assaut imp\u00e9rialiste<\/span><\/a><\/p>\n","protected":false},"author":1,"featured_media":12577,"comment_status":"closed","ping_status":"closed","sticky":false,"template":"","format":"standard","meta":{"footnotes":""},"categories":[45,7,3],"tags":[],"class_list":["post-12582","post","type-post","status-publish","format-standard","has-post-thumbnail","hentry","category-cuba","category-hoc-nl","category-solidariteit","entry"],"_links":{"self":[{"href":"https:\/\/www.cubasolidair.nl\/index.php?rest_route=\/wp\/v2\/posts\/12582","targetHints":{"allow":["GET"]}}],"collection":[{"href":"https:\/\/www.cubasolidair.nl\/index.php?rest_route=\/wp\/v2\/posts"}],"about":[{"href":"https:\/\/www.cubasolidair.nl\/index.php?rest_route=\/wp\/v2\/types\/post"}],"author":[{"embeddable":true,"href":"https:\/\/www.cubasolidair.nl\/index.php?rest_route=\/wp\/v2\/users\/1"}],"replies":[{"embeddable":true,"href":"https:\/\/www.cubasolidair.nl\/index.php?rest_route=%2Fwp%2Fv2%2Fcomments&post=12582"}],"version-history":[{"count":1,"href":"https:\/\/www.cubasolidair.nl\/index.php?rest_route=\/wp\/v2\/posts\/12582\/revisions"}],"predecessor-version":[{"id":12583,"href":"https:\/\/www.cubasolidair.nl\/index.php?rest_route=\/wp\/v2\/posts\/12582\/revisions\/12583"}],"wp:featuredmedia":[{"embeddable":true,"href":"https:\/\/www.cubasolidair.nl\/index.php?rest_route=\/wp\/v2\/media\/12577"}],"wp:attachment":[{"href":"https:\/\/www.cubasolidair.nl\/index.php?rest_route=%2Fwp%2Fv2%2Fmedia&parent=12582"}],"wp:term":[{"taxonomy":"category","embeddable":true,"href":"https:\/\/www.cubasolidair.nl\/index.php?rest_route=%2Fwp%2Fv2%2Fcategories&post=12582"},{"taxonomy":"post_tag","embeddable":true,"href":"https:\/\/www.cubasolidair.nl\/index.php?rest_route=%2Fwp%2Fv2%2Ftags&post=12582"}],"curies":[{"name":"wp","href":"https:\/\/api.w.org\/{rel}","templated":true}]}}