
{"id":12608,"date":"2024-07-09T23:55:00","date_gmt":"2024-07-09T21:55:00","guid":{"rendered":"https:\/\/openbaararchief.nl\/caribic\/?p=12306"},"modified":"2025-08-06T19:42:13","modified_gmt":"2025-08-06T19:42:13","slug":"cuba-neutraliseerde-terroristisch-plan-van-de-vs","status":"publish","type":"post","link":"https:\/\/www.cubasolidair.nl\/?p=12608","title":{"rendered":"Cuba neutraliseerde  terroristisch plan van de VS"},"content":{"rendered":"\n<pre class=\"wp-block-preformatted\">Bron: Alejandra Garcia,  <br><a href=\"https:\/\/resumen-english.org\/2024\/07\/cuba-neutralizes-new-terrorist-plan-from-the-u-s\/\">Resumen-english, Havana 9 juli 2024<\/a> <\/pre>\n\n\n\n<p><\/p>\n\n\n\n<p>Deze week werd bekend dat Cuba de pogingen van een netwerk van Cubanen in de Verenigde Staten heeft verijdeld om illegaal het eiland binnen te komen met wapens en met het doel een sociale opstand te beginnen. Het Ministerie van Binnenlandse Zaken (Minint) onthulde details van een rekruteringsplan, dat in december 2023 werd geneutraliseerd, dat vanaf Amerikaans grondgebied was gericht op het promoten en organiseren van terroristische acties in Cuba.<\/p>\n\n\n\n<p>Eind november 2023 kwam een Cubaanse burger illegaal Cuba binnen over zee met vuurwapens en munitie. De persoon, ge\u00efdentificeerd als Ardenys Garc\u00eda \u00c1lvarez, kwam het eiland binnen via het Manuel Canal gebied, in de provincie Matanzas, met een Jet Ski type nautische motorfiets, geregistreerd in de Amerikaanse staat Florida.<\/p>\n\n\n\n<p>Bij de inbeslagname van het voertuig werden kogels en andere wapens gevonden. Later ontdekten de autoriteiten dat Garcia binnenkwam met vijf pistolen van verschillende herkomst en kenmerken, patronen waaronder een American Tactical pistool en twee verschillende modellen Smith &amp; Wesson, gefabriceerd in de Verenigde Staten, samen met een Steyr, uit Oostenrijk, en een Taurus, gemaakt in Brazili\u00eb, tezamen met rondes munitie.<\/p>\n\n\n\n<p>Garcia was al bekend bij de Cubaanse politie. Voordat hij in 2014 naar de Verenigde Staten emigreerde, werd hij al gezocht voor beroving met geweld. Onmiddellijk nadat hij op 9 december op heterdaad was betrapt, begon een nieuw proces tegen hem.<\/p>\n\n\n\n<p>Tijdens zijn gevangenschap bekende hij contact te hebben gehad met Willy Gonz\u00e1lez, een vertegenwoordiger van de anti-Cubaanse groep die zichzelf La Nueva Naci\u00f3n Cubana en Armas (De Nieuwe Cubaanse Natie onder de Wapens) noemt.<\/p>\n\n\n\n<p>In Garcia&#8217;s verklaringen aan justitie tussen het moment van zijn gevangenneming en mei 2024, tijdens zijn arrestatie in afwachting van een aanklacht, bekende hij dat de naam van zijn rekruteerder Dayan Qui\u00f1ones was, met wie hij berichten had uitgewisseld via het sociale netwerk Telegram. Vervolgens had hij met de terroristische groep deelgenomen aan twee militaire trainingen.<\/p>\n\n\n\n<p>De terrorist noemde een document tijdens de training dat een reden gaf voor deze parafernalia. In dit document van onduidelijke auteurs verklaren de betrokkenen dat ze &#8220;vastbesloten zijn om de gewapende strijd aan te gaan, waarbij ze het leven van een groep vastberaden mannen op het spel zetten om het leven van vele anderen te redden&#8221;. Het was een manifest van hun plannen tegen Cuba.<\/p>\n\n\n\n<p>Andere werkelijke doelstellingen achter deze intentieverklaring werden onthuld in Willy Gonzalez&#8217; veelvuldige oproepen tot het &#8220;ontwaken van het volk&#8221; door middel van geweld tegen kantoren, suikerrietvelden en de tabaksfabrieken van Pinar del Rio\u2026. &#8220;We bereiken het niveau waarop fysieke schade zal worden aangericht,&#8221; verzekerde hij.<\/p>\n\n\n\n<p>Het verhaal is nog smeriger en heeft betrekking op vele andere terroristen die door de straten van Florida zwerven met de volledige medeplichtigheid van de Amerikaanse autoriteiten, ondanks Cuba&#8217;s aanklachten. Een ander lid van de New Cuban Nation in Arms, door de beschuldigden aangeduid met de bijnaam &#8220;El Lobo&#8221;, is Jorge Luis Fernandez Figueras, promotor en financier van agressieve acties gericht tegen kinderclubs, scholen, poliklinieken en de magazijnen van de Basic Electric Organization, vooral in de gemeente San Miguel del Padron, in de provincie Havana.<\/p>\n\n\n\n<p>De criminele inval vond plaats in november, maar het is geen toeval dat het nieuws nu pas volledig aan het licht komt; een paar dagen voordat Cuba met pijn en schaamte terugdenkt aan de gewelddadige gebeurtenissen van 11 juli 2021. De Cubaanse autoriteiten hebben nu de tijd genomen om het masker af te doen van de materi\u00eble daders van deze provocatie, die niet de eerste is en ook niet de laatste zal zijn, zolang het Witte Huis doof blijft voor Cuba&#8217;s aanklachten.<\/p>\n\n\n\n<p>Ja, het feit dat de resultaten van het lopende onderzoek kort voor 11 juli werden vrijgegeven is berekenend, maar er is nog een andere boodschap. Cuba verkeert in vrede, maar de inlichtingendiensten zijn alert en actief en in beweging. Huurlingen die vanuit de VS hierheen komen om het socialistische Cuba te ontwrichten en proberen te ondermijnen, zullen worden gepakt en worden geconfronteerd met onze wetten en ze zullen niet snel terugkeren naar hun schuilplaatsen in Miami. Niets zal de rust van het volk verstoren. Cuba is beschermd.<\/p>\n\n\n\n<p><em>Topfoto: Het Cubaanse ministerie van Binnenlandse Zaken (MININT): Bill Hackwell<\/em><\/p>\n\n\n\n<hr class=\"wp-block-separator has-alpha-channel-opacity\"\/>\n\n\n\n<p> Gerelateerd (berichten in dit archief:) <\/p>\n\n\n\n<ul class=\"wp-block-list\">\n<li><a href=\"https:\/\/openbaararchief.nl\/caribic\/2024\/04\/17\/amerikaanse-ondermijning-van-cuba\/\">Amerikaanse ondermijning van Cuba met nog meer geld en nieuwe projecten<\/a> &#8211; Edgar G\u00f6ll america21 17 april 2024<\/li>\n\n\n\n<li><a href=\"https:\/\/openbaararchief.nl\/caribic\/2024\/03\/16\/het-zijn-huurlingen-vs-eu-tegen-cuba\/\">Het zijn huurlingen en opereren vanuit Europa tegen Cuba<\/a> \u2013 Beto Rodr\u00edguez \u00c1ngeles cubadebate.cu 12 maart 2024<\/li>\n\n\n\n<li><a href=\"https:\/\/openbaararchief.nl\/caribic\/2024\/02\/28\/vn-experts-bekritiseren-vs-voor-terreurlijst\/\">VN-experts bekritiseren VS voor \u201cterreurlijst\u201d en mensenrechtenschendingen<\/a> \u2013 Edgar G\u00f6ll america21 22 februari 2024<\/li>\n\n\n\n<li><a href=\"https:\/\/openbaararchief.nl\/caribic\/2023\/11\/02\/nieuwe-diplomatieke-overwinning-voor-cuba\/\">Nieuwe diplomatieke overwinning voor Cuba<\/a> \u2013 Cubanismo.be 2 november 2023<\/li>\n\n\n\n<li><a href=\"https:\/\/openbaararchief.nl\/caribic\/2023\/09\/29\/cuba-de-grote-uitdagingen_interview\/\">Cuba: de grote uitdagingen zijn een stimulans om vooruit te komen (volledig interview)<\/a> \u2013 RedH-belgie. dewereldmorgen.be 29 september 2023<\/li>\n\n\n\n<li><a href=\"https:\/\/openbaararchief.nl\/caribic\/2023\/09\/24\/vn-regeringsleiders-veroordelen-de-vs-blokkade-tegen-cuba\/\">VN, Regeringsleiders veroordelen de VS-blokkade tegen Cuba<\/a> \u2013 Algemene vergadering van de VN un.org, 19 t\/m 23 september 2023<\/li>\n\n\n\n<li><a href=\"https:\/\/openbaararchief.nl\/caribic\/2023\/09\/13\/biden-verlengt-de-wet-voor-blokkade-cuba\/\">Biden verlengt de wet die de blokkade tegen Cuba regelt met nog een jaar<\/a> \u2013 RT-actualidad, 13 september 2023<\/li>\n\n\n\n<li><a href=\"https:\/\/openbaararchief.nl\/caribic\/2023\/08\/30\/vs-niet-bereid-om-betrekkingen-met-cuba-te-verbeteren\/\">VS \u201cniet bereid\u201d om betrekkingen met Cuba te verbeteren<\/a> \u2013 Luis De Jesus Reyes, Claridad 29 augustus 2023<\/li>\n\n\n\n<li><a href=\"https:\/\/openbaararchief.nl\/caribic\/2023\/02\/15\/zware-tijden-in-cuba-deel-2\/\">Zware tijden in Cuba \u2013 deel 2<\/a> \u2013 Katrien Demuynck (be), Rogelio Polanco (cu) cubanismo.be, 15 februari 2023 <a href=\"https:\/\/openbaararchief.nl\/caribic\/2023\/02\/09\/zware-tijden-in-cuba-interview-deel-1\/\">Zware tijden in Cuba \u2013 Interview deel 1<\/a> \u2013 Katrien Demuynck, Rogelio Polanco cubanismo op 9 februari 2023<\/li>\n\n\n\n<li><a href=\"https:\/\/openbaararchief.nl\/caribic\/2022\/12\/01\/laat-cuba-weer-opbouwen\/\">Laat Cuba weer opbouwen<\/a> \u2013 tekst van brieven van burgers van de VS aan de regeringsleiding van hun land<\/li>\n\n\n\n<li><a href=\"https:\/\/openbaararchief.nl\/caribic\/2022\/11\/03\/verenigde-naties-stemmen-over-de-vs-blokkade\/\">Verenigde Naties stemmen over de VS-blokkade tegen Cuba<\/a> \u2013 cubanismo, 3 november 2022<\/li>\n\n\n\n<li><a href=\"https:\/\/openbaararchief.nl\/caribic\/2022\/11\/03\/verklaring-van-cuba-op-de-unga\/\">Verklaring van Cuba op de UNGA, ter verdediging van Resolutie \u201cNoodzaak om de VS-Blokkade tegen Cuba te beeindigen\u201d<\/a> \u2013 VN, Cuba minrex 3 oktober 2022<\/li>\n\n\n\n<li><a href=\"https:\/\/openbaararchief.nl\/caribic\/2022\/07\/11\/washington-zet-economische-oorlog-tegen-cuba-voort\/\">Washington zet economische oorlog tegen Cuba voort ondanks politiek isolement<\/a> \u2013 Ike Nahem us-cubanormalization 11 juli 2022<\/li>\n<\/ul>\n","protected":false},"excerpt":{"rendered":"<p>Bron: Alejandra Garcia, Resumen-english, Havana 9 juli 2024 Deze week werd bekend dat Cuba de pogingen van een netwerk van Cubanen in de Verenigde Staten heeft verijdeld om illegaal het eiland binnen te komen met wapens en met het doel een sociale opstand te beginnen. Het Ministerie van Binnenlandse Zaken (Minint) onthulde details van een&hellip; <a class=\"more-link\" href=\"https:\/\/www.cubasolidair.nl\/?p=12608\">Continue reading <span class=\"screen-reader-text\">Cuba neutraliseerde  terroristisch plan van de VS<\/span><\/a><\/p>\n","protected":false},"author":1,"featured_media":12609,"comment_status":"closed","ping_status":"closed","sticky":false,"template":"","format":"standard","meta":{"footnotes":""},"categories":[45,7],"tags":[],"class_list":["post-12608","post","type-post","status-publish","format-standard","has-post-thumbnail","hentry","category-cuba","category-hoc-nl","entry"],"_links":{"self":[{"href":"https:\/\/www.cubasolidair.nl\/index.php?rest_route=\/wp\/v2\/posts\/12608","targetHints":{"allow":["GET"]}}],"collection":[{"href":"https:\/\/www.cubasolidair.nl\/index.php?rest_route=\/wp\/v2\/posts"}],"about":[{"href":"https:\/\/www.cubasolidair.nl\/index.php?rest_route=\/wp\/v2\/types\/post"}],"author":[{"embeddable":true,"href":"https:\/\/www.cubasolidair.nl\/index.php?rest_route=\/wp\/v2\/users\/1"}],"replies":[{"embeddable":true,"href":"https:\/\/www.cubasolidair.nl\/index.php?rest_route=%2Fwp%2Fv2%2Fcomments&post=12608"}],"version-history":[{"count":1,"href":"https:\/\/www.cubasolidair.nl\/index.php?rest_route=\/wp\/v2\/posts\/12608\/revisions"}],"predecessor-version":[{"id":13132,"href":"https:\/\/www.cubasolidair.nl\/index.php?rest_route=\/wp\/v2\/posts\/12608\/revisions\/13132"}],"wp:featuredmedia":[{"embeddable":true,"href":"https:\/\/www.cubasolidair.nl\/index.php?rest_route=\/wp\/v2\/media\/12609"}],"wp:attachment":[{"href":"https:\/\/www.cubasolidair.nl\/index.php?rest_route=%2Fwp%2Fv2%2Fmedia&parent=12608"}],"wp:term":[{"taxonomy":"category","embeddable":true,"href":"https:\/\/www.cubasolidair.nl\/index.php?rest_route=%2Fwp%2Fv2%2Fcategories&post=12608"},{"taxonomy":"post_tag","embeddable":true,"href":"https:\/\/www.cubasolidair.nl\/index.php?rest_route=%2Fwp%2Fv2%2Ftags&post=12608"}],"curies":[{"name":"wp","href":"https:\/\/api.w.org\/{rel}","templated":true}]}}