
{"id":12789,"date":"2025-02-10T23:28:00","date_gmt":"2025-02-10T21:28:00","guid":{"rendered":"https:\/\/openbaararchief.nl\/caribic\/?p=12789"},"modified":"2025-08-06T19:38:33","modified_gmt":"2025-08-06T19:38:33","slug":"zonnepannelen-zijn-grote-hulp-voor-cuba","status":"publish","type":"post","link":"https:\/\/www.cubasolidair.nl\/?p=12789","title":{"rendered":"Zonnepannelen zijn grote hulp voor Cubaans stadslandbouwproject."},"content":{"rendered":"\n<pre class=\"wp-block-preformatted\">Bron: <a href=\"https:\/\/www.granma.cu\/cuba\/2025-02-09\/ahora-abres-una-llave-y-hay-agua-en-cualquier-esquina-del-organoponico-09-02-2025-21-02-17\">Granma.cu 9 februari 2025<\/a> [ESP]<br><a href=\"https:\/\/www.cubanismo.be\/nu-draai-je-een-kraan-open-en-er-is-water-in-elke-hoek-van-het-organoponico-zonnepannelen-zijn-grote-hulp-voor-cubaans-stadslandbouwproject\">cubanismo.be 10 februari 2025<\/a> [NL]~~~ <\/pre>\n\n\n\n<p>\u201cNu draai je een kraan open en er is water in elke hoek van het organop\u00f3nico\u201d Zonnepannelen zijn grote hulp voor Cubaanse stadslandbouwprojecten.<\/p>\n\n\n\n<p>Tien hoogproductieve organop\u00f3nicos in Pinar del R\u00edo zullen profiteren van irrigatiesystemen op basis van zonne-energie.<\/p>\n\n\n\n<p>Pinar del R\u00edo \u2013 Met meer dan 30 jaar ervaring in het Programma voor stedelijke, suburbane en familiale landbouw, benadrukt Jos\u00e9 Rolando Acosta het enorme voordeel van deze nieuwe technologie.<\/p>\n\n\n\n<p>Voor ons ligt het eerste zonnepaneelgestuurde irrigatiesysteem dat al in gebruik is in een organop\u00f3nico in Pinar del R\u00edo. Jos\u00e9 Rolando legt uit dat deze installatie deel uitmaakt van een project dat het gebruik van hernieuwbare energie wil bevorderen.<\/p>\n\n\n\n<p>In totaal zullen tien landbouwinstallaties in de provincie Pinar del R\u00edo profiteren van deze innovatieve technologie. Zeven van hen bevinden zich in de hoofdstad van de provincie, terwijl de overige drie zijn verspreid over Consolaci\u00f3n del Sur (twee) en San Juan y Mart\u00ednez (\u00e9\u00e9n).<\/p>\n\n\n\n<blockquote class=\"wp-block-quote is-layout-flow wp-block-quote-is-layout-flow\">\n<p>\u201cWe hebben deze systemen ge\u00efnstalleerd in de meest productieve organop\u00f3nicos. Technologie moet worden ingezet waar ze de beste resultaten oplevert,\u201d zegt hij.<\/p>\n<\/blockquote>\n\n\n\n<p>Dit project wordt uitgevoerd door de Cubaanse Vereniging van Landbouw- en Bosbouwtechnici (Actaf), in samenwerking met de Landbouwdelegatie van de provincie en andere instellingen. Het omvat de levering en installatie van zonnepanelen, pompsystemen en irrigatiesystemen.<\/p>\n\n\n\n<p>Voor de betrokken landbouwbedrijven betekent dit een enorme verbetering, vooral gezien de slijtage van de bestaande apparatuur.<\/p>\n\n\n\n<blockquote class=\"wp-block-quote is-layout-flow wp-block-quote-is-layout-flow\">\n<p>\u201cNu draai je een kraan open en er is water in elke hoek van het organop\u00f3nico\u201d<\/p>\n<\/blockquote>\n\n\n\n<p>Bovendien zorgt het voor meer onafhankelijkheid van het nationale elektriciteitsnet, dat kampt met problemen en frequente stroomuitval. \u201cAlles wat we met deze zonnepanelen kunnen irrigeren, betekent meer zekerheid en lagere kosten,\u201d voegt hij toe.<\/p>\n\n\n\n<p>Hoewel het nog te vroeg is om definitieve conclusies te trekken, is de eerste feedback zeer positief. Dat bevestigt ook Miguel Espinosa, die het organop\u00f3nico Ingenier\u00eda 1 in de provinciehoofdstad leidt.<\/p>\n\n\n\n<blockquote class=\"wp-block-quote is-layout-flow wp-block-quote-is-layout-flow\">\n<p>\u201cTot een week geleden\u201d , toen de installatie van het nieuwe systeem werd voltooid \u201cwas het irrigeren van onze gewassen een constante uitdaging,\u201d vertelt hij.<\/p>\n<\/blockquote>\n\n\n\n<p>\u201cMaar nu? Je draait gewoon een kraan open en er is water in elke hoek van onze 2,5 hectare.\u201d<\/p>\n\n\n\n<p><strong>Wat zijn organip\u00f3nicos?<\/strong><\/p>\n\n\n\n<p>Organop\u00f3nicos zijn Cubaanse stadsgroentenboerderijen die biologische groenten voor de lokale bevolking voorzien. Na de weggevallen steun van de Sovjet-Unie begin jaren 90\u2019 kampte de Cubaanse landbouw met tekorten aan meststoffen en brandstof. Deze organop\u00f3nicos worden gemeenschappelijk beheerd en zijn een antwoord op de uitdagingen voor voedselvoorzieningen binnen Cuba. Net zoals de organop\u00f3nicos een antwoord zijn op de uitdagingen van de voedselvoorziening, zijn zonnepanelen een antwoord op de uitdagingen voor de energie voorziening.<\/p>\n\n\n\n<hr class=\"wp-block-separator has-alpha-channel-opacity\"\/>\n\n\n\n<p>Gerelateerd (berichten in dit archief:)<\/p>\n\n\n\n<ul class=\"wp-block-list\">\n<li><a href=\"https:\/\/openbaararchief.nl\/caribic\/2025\/01\/27\/ondanks-de-imperialistische-aanval-zal-cuba-zegevieren\/\">Ondanks de imperialistische aanval zal Cuba zegevieren<\/a> &#8211; Cuba Minrex, Havana, 21 januari 2025<\/li>\n\n\n\n<li><a href=\"https:\/\/openbaararchief.nl\/caribic\/2025\/01\/14\/verklaring-van-het-ministerie-van-buitenlandse-zaken-van-cuba\/\">Verklaring van het ministerie van Buitenlandse Zaken van Cuba<\/a> \u2013 Cuba MinRex 14 januari 2024<\/li>\n\n\n\n<li><a href=\"https:\/\/openbaararchief.nl\/caribic\/2024\/12\/21\/cubanen-demonstreren-tegen-de-blokkade-van-de-vs\/\">Cubanen demonstreren tegen de blokkade van de VS<\/a> \u2013 Peoples Dispatch 21 december 2024<\/li>\n\n\n\n<li><a href=\"https:\/\/openbaararchief.nl\/caribic\/2024\/10\/29\/de-wereld-bereidt-zich-voor-om-te-stemmen\/\">De wereld bereidt zich voor om tegen de blokkade van de VS tegen Cuba te stemmen<\/a> \u2013 Pablo Meriguet peoplesdispatch.org 29 oktober 2024<\/li>\n\n\n\n<li><a href=\"https:\/\/openbaararchief.nl\/caribic\/2024\/09\/23\/vs-handhaaft-blokkade-tegen-cuba\/\">VS handhaaft blokkade tegen Cuba voor nog een jaar<\/a> \u2013 Alejandra Garcia Resumen Latinoamericano, Havana 22 september 2024<\/li>\n\n\n\n<li><a href=\"https:\/\/openbaararchief.nl\/caribic\/2024\/09\/06\/ignacio-ramonet-stuurt-open-brief-naar-biden\/\">Ignacio Ramonet stuurt open brief naar Amerikaanse president Joe Biden<\/a> \u2013 Radio Habana Cuba \u2013 6 september 2024<\/li>\n\n\n\n<li><a href=\"https:\/\/openbaararchief.nl\/caribic\/2024\/08\/12\/honderden-juridische-experts-eisen-dat-vs-stopt-met-sancties\/\">Honderden juridische experts eisen dat de VS stopt met zijn \u2018bestraffende en dodelijke\u2019 sancties<\/a> \u2013 Brett Wilkins Common Dreams 12 augustus 2024<\/li>\n\n\n\n<li><a href=\"https:\/\/openbaararchief.nl\/caribic\/2024\/07\/09\/cuba-neutraliseerde-terroristisch-plan-van-de-vs\/\">Cuba neutraliseerde terroristisch plan van de VS<\/a> \u2013 Alejandra Garcia, Resumen-english, Havana 9 juli 2024<\/li>\n\n\n\n<li><a href=\"https:\/\/openbaararchief.nl\/caribic\/2024\/05\/22\/vs-erkent-leugen-maar-verwijdert-cuba-niet-van-lijst\/\">VS erkent leugen maar verwijdert Cuba niet van lijst met sponsors van terrorisme<\/a> \u2013 BEL-REDH, dewereldmorgen.be 22 mei 2024<\/li>\n\n\n\n<li><a href=\"https:\/\/openbaararchief.nl\/caribic\/2024\/05\/19\/verklaring-van-cuba-min-buza\/\">Verklaring van het Cubaanse ministerie van Buitenlandse Zaken<\/a> \u2013 cubaminrex 19 mei 2024<\/li>\n\n\n\n<li><a href=\"https:\/\/openbaararchief.nl\/caribic\/2024\/04\/17\/amerikaanse-ondermijning-van-cuba\/\">Amerikaanse ondermijning van Cuba met nog meer geld en nieuwe projecten<\/a> \u2013 Edgar G\u00f6ll america21 17 april 2024<\/li>\n\n\n\n<li><a href=\"https:\/\/openbaararchief.nl\/caribic\/2024\/03\/16\/het-zijn-huurlingen-vs-eu-tegen-cuba\/\">Het zijn huurlingen en opereren vanuit Europa tegen Cuba<\/a> \u2013 Beto Rodr\u00edguez \u00c1ngeles cubadebate.cu 12 maart 2024<\/li>\n\n\n\n<li><a href=\"https:\/\/openbaararchief.nl\/caribic\/2024\/02\/28\/vn-experts-bekritiseren-vs-voor-terreurlijst\/\">VN-experts bekritiseren VS voor \u201cterreurlijst\u201d en mensenrechtenschendingen<\/a> \u2013 Edgar G\u00f6ll america21 22 februari 2024<\/li>\n\n\n\n<li><a href=\"https:\/\/openbaararchief.nl\/caribic\/2023\/11\/02\/nieuwe-diplomatieke-overwinning-voor-cuba\/\">Nieuwe diplomatieke overwinning voor Cuba<\/a> \u2013 Cubanismo.be 2 november 2023<\/li>\n\n\n\n<li><a href=\"https:\/\/openbaararchief.nl\/caribic\/2023\/09\/29\/cuba-de-grote-uitdagingen_interview\/\">Cuba: de grote uitdagingen zijn een stimulans om vooruit te komen (volledig interview)<\/a> \u2013 RedH-belgie. dewereldmorgen.be 29 september 2023<\/li>\n\n\n\n<li><a href=\"https:\/\/openbaararchief.nl\/caribic\/2023\/09\/24\/vn-regeringsleiders-veroordelen-de-vs-blokkade-tegen-cuba\/\">VN, Regeringsleiders veroordelen de VS-blokkade tegen Cuba<\/a> \u2013 Algemene vergadering van de VN un.org, 19 t\/m 23 september 2023<\/li>\n\n\n\n<li><a href=\"https:\/\/openbaararchief.nl\/caribic\/2023\/09\/13\/biden-verlengt-de-wet-voor-blokkade-cuba\/\">Biden verlengt de wet die de blokkade tegen Cuba regelt met nog een jaar<\/a> \u2013 RT-actualidad, 13 september 2023<\/li>\n\n\n\n<li><a href=\"https:\/\/openbaararchief.nl\/caribic\/2023\/08\/30\/vs-niet-bereid-om-betrekkingen-met-cuba-te-verbeteren\/\">VS \u201cniet bereid\u201d om betrekkingen met Cuba te verbeteren<\/a> \u2013 Luis De Jesus Reyes, Claridad 29 augustus 2023<\/li>\n\n\n\n<li><a href=\"https:\/\/openbaararchief.nl\/caribic\/2023\/02\/15\/zware-tijden-in-cuba-deel-2\/\">Zware tijden in Cuba \u2013 deel 2<\/a> \u2013 Katrien Demuynck (be), Rogelio Polanco (cu) cubanismo.be, 15 februari 2023 <a href=\"https:\/\/openbaararchief.nl\/caribic\/2023\/02\/09\/zware-tijden-in-cuba-interview-deel-1\/\">Zware tijden in Cuba \u2013 Interview deel 1<\/a> \u2013 Katrien Demuynck, Rogelio Polanco cubanismo op 9 februari 2023<\/li>\n\n\n\n<li><a href=\"https:\/\/openbaararchief.nl\/caribic\/2022\/12\/01\/laat-cuba-weer-opbouwen\/\">Laat Cuba weer opbouwen<\/a> \u2013 tekst van brieven van burgers van de VS aan de regeringsleiding van hun land<\/li>\n\n\n\n<li><a href=\"https:\/\/openbaararchief.nl\/caribic\/2022\/11\/03\/verenigde-naties-stemmen-over-de-vs-blokkade\/\">Verenigde Naties stemmen over de VS-blokkade tegen Cuba<\/a> \u2013 cubanismo, 3 november 2022<\/li>\n\n\n\n<li><a href=\"https:\/\/openbaararchief.nl\/caribic\/2022\/11\/03\/verklaring-van-cuba-op-de-unga\/\">Verklaring van Cuba op de UNGA, ter verdediging van Resolutie \u201cNoodzaak om de VS-Blokkade tegen Cuba te beeindigen\u201d<\/a> \u2013 VN, Cuba minrex 3 oktober 2022<\/li>\n\n\n\n<li><a href=\"https:\/\/openbaararchief.nl\/caribic\/2022\/07\/11\/washington-zet-economische-oorlog-tegen-cuba-voort\/\">Washington zet economische oorlog tegen Cuba voort ondanks politiek isolement<\/a> \u2013 Ike Nahem us-cubanormalization 11 juli 2022<\/li>\n<\/ul>\n","protected":false},"excerpt":{"rendered":"<p>Bron: Granma.cu 9 februari 2025 [ESP]cubanismo.be 10 februari 2025 [NL]~~~ \u201cNu draai je een kraan open en er is water in elke hoek van het organop\u00f3nico\u201d Zonnepannelen zijn grote hulp voor Cubaanse stadslandbouwprojecten. Tien hoogproductieve organop\u00f3nicos in Pinar del R\u00edo zullen profiteren van irrigatiesystemen op basis van zonne-energie. Pinar del R\u00edo \u2013 Met meer dan&hellip; <a class=\"more-link\" href=\"https:\/\/www.cubasolidair.nl\/?p=12789\">Continue reading <span class=\"screen-reader-text\">Zonnepannelen zijn grote hulp voor Cubaans stadslandbouwproject.<\/span><\/a><\/p>\n","protected":false},"author":1,"featured_media":12790,"comment_status":"closed","ping_status":"closed","sticky":false,"template":"","format":"standard","meta":{"footnotes":""},"categories":[45,7],"tags":[],"class_list":["post-12789","post","type-post","status-publish","format-standard","has-post-thumbnail","hentry","category-cuba","category-hoc-nl","entry"],"_links":{"self":[{"href":"https:\/\/www.cubasolidair.nl\/index.php?rest_route=\/wp\/v2\/posts\/12789","targetHints":{"allow":["GET"]}}],"collection":[{"href":"https:\/\/www.cubasolidair.nl\/index.php?rest_route=\/wp\/v2\/posts"}],"about":[{"href":"https:\/\/www.cubasolidair.nl\/index.php?rest_route=\/wp\/v2\/types\/post"}],"author":[{"embeddable":true,"href":"https:\/\/www.cubasolidair.nl\/index.php?rest_route=\/wp\/v2\/users\/1"}],"replies":[{"embeddable":true,"href":"https:\/\/www.cubasolidair.nl\/index.php?rest_route=%2Fwp%2Fv2%2Fcomments&post=12789"}],"version-history":[{"count":1,"href":"https:\/\/www.cubasolidair.nl\/index.php?rest_route=\/wp\/v2\/posts\/12789\/revisions"}],"predecessor-version":[{"id":12839,"href":"https:\/\/www.cubasolidair.nl\/index.php?rest_route=\/wp\/v2\/posts\/12789\/revisions\/12839"}],"wp:featuredmedia":[{"embeddable":true,"href":"https:\/\/www.cubasolidair.nl\/index.php?rest_route=\/wp\/v2\/media\/12790"}],"wp:attachment":[{"href":"https:\/\/www.cubasolidair.nl\/index.php?rest_route=%2Fwp%2Fv2%2Fmedia&parent=12789"}],"wp:term":[{"taxonomy":"category","embeddable":true,"href":"https:\/\/www.cubasolidair.nl\/index.php?rest_route=%2Fwp%2Fv2%2Fcategories&post=12789"},{"taxonomy":"post_tag","embeddable":true,"href":"https:\/\/www.cubasolidair.nl\/index.php?rest_route=%2Fwp%2Fv2%2Ftags&post=12789"}],"curies":[{"name":"wp","href":"https:\/\/api.w.org\/{rel}","templated":true}]}}