
{"id":8051,"date":"2021-10-26T15:45:34","date_gmt":"2021-10-26T13:45:34","guid":{"rendered":"https:\/\/openbaararchief.nl\/caribic\/?p=8051"},"modified":"2021-10-26T15:45:34","modified_gmt":"2021-10-26T13:45:34","slug":"cubaanse-president-veroordeelt-pogingen-vs","status":"publish","type":"post","link":"https:\/\/www.cubasolidair.nl\/?p=8051","title":{"rendered":"Cubaanse president veroordeelt pogingen VS om orde in Cuba te ondermijnen"},"content":{"rendered":"\n<pre class=\"wp-block-preformatted\">Bron: <a href=\"https:\/\/www.telesurenglish.net\/news\/Cuban-President-Denounces-US-Attempts-to-Subvert-Order-in-Cuba-20211025-0015.html\">telesur 25 oktober 2021 <\/a>~~~<\/pre>\n\n\n\n<p><strong>President Diaz-Canel veroordeelde ook de acties van de Amerikaanse ambassade in Havana, waarvan de ambtenaren regelmatig ontmoetingen hebben met leiders van de contrarevolutie, en offensieve uitspraken doen op hun sociale netwerken over de binnenlandse aangelegenheden van het land.<\/strong><\/p>\n\n\n\n<!--more-->\n\n\n\n<p>De Cubaanse president Miguel Diaz-Canel herhaalde vandaag dat de Amerikaanse regering vasthoudt aan pogingen om de interne orde van Cuba te ondermijnen, en riep op om deze houdingen te confronteren en aan de kaak te stellen.<\/p>\n\n\n\n<p>&#8220;De Amerikaanse ambassade in Cuba houdt vast aan haar trieste en beschamende rol van ondermijning van de interne orde in ons land,&#8221; schreef de president op zijn sociale netwerkaccount Twitter.<\/p>\n\n\n\n<p>Het staatshoofd zei dat &#8220;we niet werkeloos zullen toezien bij dergelijk gedrag,&#8221; en net als in &#8220;zovele jaren van strijd, zijn we vastbesloten om het te confronteren en aan de kaak te stellen.&#8221;<\/p>\n\n\n\n<p>In zijn boodschap deelde Diaz-Canel de publicatie van de Cubaanse minister van Buitenlandse Zaken Bruno Rodriguez, die het diplomatieke hoofdkwartier van de V.S. in zijn land veroordeelde, voor de &#8220;groeiende rol&#8221; in de pogingen van politieke subversie tegen Cuba.<\/p>\n\n\n\n<figure class=\"wp-block-image size-full\"><a href=\"https:\/\/twitter.com\/BrunoRguezP\/status\/1452446416966651904\"><img decoding=\"async\" src=\"https:\/\/openbaararchief.nl\/caribic\/wp-content\/uploads\/sites\/4\/2021\/10\/tweet-BrunoRP20211025.jpg\" alt=\"\" class=\"wp-image-8052\"\/><\/a><\/figure>\n\n\n\n<p>&#8220;Het is provocerend gedrag en in strijd met het Verdrag van Wenen. Wij zijn vastbesloten om het subversieve en agressieve werk van de ambassade aan te pakken,&#8221; aldus de minister van Buitenlandse.<\/p>\n\n\n\n<p>Gisteren sloot de president de tweede plenaire zitting van het Centraal Comit\u00e9 van de Communistische Partij van Cuba af met een toespraak waarin hij de economische, commerci\u00eble en financi\u00eble blokkade aan de kaak stelde die de Verenigde Staten zijn land opleggen. Hij noemde dit voortdurende beleid van vijandigheid &#8220;op de planeet geen vergelijk hebben&#8221;.<\/p>\n\n\n\n<figure class=\"wp-block-image size-full\"><a href=\"https:\/\/twitter.com\/luke_dotcom\/status\/1420392740764934146\"><img decoding=\"async\" src=\"https:\/\/openbaararchief.nl\/caribic\/wp-content\/uploads\/sites\/4\/2021\/10\/tweet-luke-20210727.jpg\" alt=\"\" class=\"wp-image-8053\"\/><\/a><\/figure>\n\n\n\n<p>Hij veroordeelde ook de acties van de Amerikaanse ambassade, waarvan de ambtenaren regelmatig ontmoetingen hebben met leiders van de contrarevolutie, en op hun sociale netwerken offensieve uitspraken doen over de binnenlandse aangelegenheden van het land.<\/p>\n\n\n\n<p>&#8220;Zij zijn van plan leiders te identificeren en te bevorderen, vooral jonge mensen, om hen voor te bereiden in het buitenland om hen te gebruiken om hun anti-socialistische, pro-kapitalistische en neoliberale idee\u00ebn te promoten,&#8221; bekritiseerde het staatshoofd.<\/p>\n\n\n\n<p>Bron: De Amerikaanse ambassade in Havana speelt een steeds grotere rol in <em>politieke ondermijningspogingen. Het is een provocerend gedrag dat in strijd is met het Verdrag van Wenen. | Foto: Twitter @EmbaCuba_Surina<\/em><\/p>\n\n\n\n<figure class=\"wp-block-image size-full\"><a href=\"https:\/\/youtu.be\/3U3EUoXTev8\"><img decoding=\"async\" src=\"https:\/\/openbaararchief.nl\/caribic\/wp-content\/uploads\/sites\/4\/2021\/10\/TSEVideo-use-of-smarthones-against-Cuba.jpg\" alt=\"\" class=\"wp-image-8056\"\/><\/a><\/figure>\n\n\n\n<hr class=\"wp-block-separator\"\/>\n\n\n\n<ul class=\"wp-block-list\"><li><a href=\"https:\/\/openbaararchief.nl\/caribic\/2021\/08\/06\/ondanks-de-amerikaanse-telecomblokkade\/\">Ondanks de Amerikaanse telecomblokkade communiceert Cuba zijn waarheid<\/a> &#8211; telesur 6 augustus 2021 <\/li><li><a href=\"https:\/\/openbaararchief.nl\/caribic\/2021\/08\/05\/het-goede-volk-dat-cuba-internet-zal-geven\/\">Het \u2018goede\u2019 volk dat Cuba internet zal geven<\/a> &#8211; Rosa Miriam Elizalde Cubadebate 5 augustus 2021<\/li><li><a href=\"https:\/\/openbaararchief.nl\/caribic\/2021\/07\/26\/na-de-protesten-in-cuba\/\">Na de protesten in Cuba: Intensief activisme in de VS voor regimeverandering<\/a> \u2013 Amerika21 26 juli 2021<\/li><li><a href=\"https:\/\/openbaararchief.nl\/caribic\/2021\/07\/22\/het-bizarre-fenomeen-van-cuba-beleid\/\">Het bizarre fenomeen van Cuba-beleid om Cubaans-Amerikaanse ballingen te behagen in plaats van Cubanen in Cuba<\/a> \u2013 Peter Bolton 19 juli 2021<\/li><li><a href=\"https:\/\/openbaararchief.nl\/caribic\/2021\/07\/16\/de-recente-onrust-in-cuba\/\">De recente onrust in Cuba: schoolvoorbeeld van fake news en mediaoorlog<\/a> \u2013 Marc Vandepitte cubanismo op 16 juli 2021<\/li><li><a href=\"https:\/\/openbaararchief.nl\/caribic\/2021\/07\/12\/valse-sociale-media-actie-cuba-incident\/\">Valse sociale media-actie uit het buitenland zet Cuba-incident in werking<\/a> \u2013 Telesur 12 Juli 2021<\/li><li><a href=\"https:\/\/openbaararchief.nl\/censuur\/2021\/06\/22\/amerikaanse-regering-neemt-website-van-irans-presstv-en-twee-andere-in-beslag\/\">Amerikaanse regering neemt website van Irans PressTV en twee andere in beslag<\/a> \u2013 telesur 22 juni 2021<\/li><li><a href=\"https:\/\/openbaararchief.nl\/censuur\/2020\/05\/12\/facebook-verwijdert-sites-en-accounts-van-nieuwsorganisaties-in-een-nieuwe-orwelliaanse-zuivering\/\">Facebook Verwijdert Sites en Accounts van Nieuwsorganisaties in een Nieuwe Orwelliaanse Zuivering<\/a> \u2013 Dave DeCamp, antiwar.com, 10 mei 2020<\/li><li><a href=\"https:\/\/openbaararchief.nl\/persvrijheid\/2020\/01\/14\/daniel-ortega-verdedigt-telesur-na-de-bedreigingen-van-juan-guaido\/\">Daniel Ortega verdedigt teleSUR na de bedreigingen van Juan Guaido<\/a> \u2013 TelesurTV, 14 januari 2020<\/li><li><a href=\"https:\/\/openbaararchief.nl\/caribic\/2019\/10\/15\/het-embargo-wordt-zwaarder-nu-adobe-en-oracle-venezuela-verlaten\/\">Het Embargo wordt zwaarder, nu Adobe en Oracle Venezuela verlaten<\/a> \u2013 Leonardo Flores Venezuelanalyzes, 15 oktober 2019<\/li><li><a href=\"https:\/\/openbaararchief.nl\/censuur\/2018\/01\/21\/bye-bye-facebook-welcome-to-diaspora\/\">Bye Bye Facebook \u2013 welcome to Diaspora<\/a> \u2013 Opinie, 21 januarie 2018<\/li><li><a href=\"https:\/\/openbaararchief.nl\/censuur\/2016\/09\/21\/palestijnen-roepen-op-tot-boycott-van-facebook-vanwege-censuur\/\">Palestijnen roepen op tot Boycott van Facebook, vanwege censuur<\/a> \u2013 Yournewswire, 29 september 2016<\/li><\/ul>\n","protected":false},"excerpt":{"rendered":"<p>Bron: telesur 25 oktober 2021 ~~~ President Diaz-Canel veroordeelde ook de acties van de Amerikaanse ambassade in Havana, waarvan de ambtenaren regelmatig ontmoetingen hebben met leiders van de contrarevolutie, en offensieve uitspraken doen op hun sociale netwerken over de binnenlandse aangelegenheden van het land.<\/p>\n","protected":false},"author":1,"featured_media":8054,"comment_status":"open","ping_status":"closed","sticky":false,"template":"","format":"standard","meta":{"footnotes":""},"categories":[7],"tags":[28,20],"class_list":["post-8051","post","type-post","status-publish","format-standard","has-post-thumbnail","hentry","category-hoc-nl","tag-msm","tag-regime-change","entry"],"_links":{"self":[{"href":"https:\/\/www.cubasolidair.nl\/index.php?rest_route=\/wp\/v2\/posts\/8051","targetHints":{"allow":["GET"]}}],"collection":[{"href":"https:\/\/www.cubasolidair.nl\/index.php?rest_route=\/wp\/v2\/posts"}],"about":[{"href":"https:\/\/www.cubasolidair.nl\/index.php?rest_route=\/wp\/v2\/types\/post"}],"author":[{"embeddable":true,"href":"https:\/\/www.cubasolidair.nl\/index.php?rest_route=\/wp\/v2\/users\/1"}],"replies":[{"embeddable":true,"href":"https:\/\/www.cubasolidair.nl\/index.php?rest_route=%2Fwp%2Fv2%2Fcomments&post=8051"}],"version-history":[{"count":0,"href":"https:\/\/www.cubasolidair.nl\/index.php?rest_route=\/wp\/v2\/posts\/8051\/revisions"}],"wp:featuredmedia":[{"embeddable":true,"href":"https:\/\/www.cubasolidair.nl\/index.php?rest_route=\/"}],"wp:attachment":[{"href":"https:\/\/www.cubasolidair.nl\/index.php?rest_route=%2Fwp%2Fv2%2Fmedia&parent=8051"}],"wp:term":[{"taxonomy":"category","embeddable":true,"href":"https:\/\/www.cubasolidair.nl\/index.php?rest_route=%2Fwp%2Fv2%2Fcategories&post=8051"},{"taxonomy":"post_tag","embeddable":true,"href":"https:\/\/www.cubasolidair.nl\/index.php?rest_route=%2Fwp%2Fv2%2Ftags&post=8051"}],"curies":[{"name":"wp","href":"https:\/\/api.w.org\/{rel}","templated":true}]}}