
{"id":8489,"date":"2021-11-10T23:01:00","date_gmt":"2021-11-10T21:01:00","guid":{"rendered":"https:\/\/openbaararchief.nl\/caribic\/?p=8489"},"modified":"2024-02-28T11:23:31","modified_gmt":"2024-02-28T11:23:31","slug":"brief-aan-de-internationale-gemeenschap-tegen-de-blokkade-van-cuba","status":"publish","type":"post","link":"https:\/\/www.cubasolidair.nl\/?p=8489","title":{"rendered":"Brief aan de internationale gemeenschap tegen de blokkade en pogingen Cuba te destabiliseren"},"content":{"rendered":"\n<p>Ondertekend door 220+ bekende persoonlijkheden en organisaties<\/p>\n\n\n\n<pre class=\"wp-block-preformatted\">Bron: Internationale redactie\n<a href=\"https:\/\/www.granma.cu\/mundo\/2021-11-10\/personalidades-del-mundo-envian-carta-a-la-comunidad-internacional-en-contra-del-bloqueo-e-intentos-de-desestabilizacion-10-11-2021-10-11-16\">granma.cu 10 november 2021 <\/a>~~~<\/pre>\n\n\n\n<p>Aan de internationale gemeenschap<\/p>\n\n\n\n<p><strong>De Verenigde Staten handhaven al meer dan zestig jaar een blokkade tegen Cuba. Sinds de jaren negentig heeft Washington een reeks wetten uitgevaardigd die de situatie nog verergeren en de mogelijkheden om voedsel te kopen trachten af te snijden om de bevolking door honger in een wurggreep te houden.<\/strong><\/p>\n\n\n\n<!--more-->\n\n\n\n<p>De regering van Donald Trump heeft alleen al 243 maatregelen genomen die de Cubaanse economie nog meer schade hebben berokkend, waarvan vele tijdens de Covid 19-pandemie. Ze blijven van kracht onder Joe Biden.<\/p>\n\n\n\n<p>Het doel is niet veranderd: de Cubaanse economie verstikken en de Cubaanse bevolking late lijden zodat zij in opstand komt tegen de revolutionaire regering.<\/p>\n\n\n\n<p>Washington heeft op arrogante wijze de jaarlijkse veroordeling door de Algemene Vergadering van de Verenigde Naties genegeerd, waarin wordt opgeroepen een einde te maken aan deze onmenselijke procedure.<\/p>\n\n\n\n<p>Tegelijkertijd investeert de regering van de VS al tientallen jaren miljoenen dollars in de creatie van &#8220;dissidenten&#8221;, &#8220;tegenstanders&#8221; van allerlei slag, die in Cuba geen rol spelen maar door de internationale pers worden opgehemeld om het imago van de revolutie te beschadigen en zo de toepassing van de misdadige blokkade te rechtvaardigen.<\/p>\n\n\n\n<p>Op deze manier wordt ook getracht Cuba te isoleren, waarbij een van de belangrijkste doelstellingen is dat de Europese Unie de betrekkingen met Cuba verbreekt.<\/p>\n\n\n\n<p>Zonder het te verbergen geven de VS miljoenen dollars om binnenlandse subversie te bevorderen, door op te roepen tot burgerlijke ongehoorzaamheid, anarchie en chaos, met als enig doel het huidige politieke systeem omver te werpen en er een te installeren dat uitsluitend aan hun belangen beantwoordt.<\/p>\n\n\n\n<p>Washington trekt zich niets aan van de immense wetenschappelijke prestaties van de revolutie, die er onder meer toe zullen leiden dat Cuba binnen enkele weken het eerste land ter wereld zal zijn waar de gehele bevolking wordt inge\u00ebnt tegen Covid-19, met zijn eigen vaccins; hoewel Washington zich veel moeite heeft getroost om ervoor te zorgen dat Cuba niet eens spuiten kon krijgen om de vaccins toe te dienen.<\/p>\n\n\n\n<p>Washington vertrouwt niet alleen op de medeplichtigheid van de Big Media [Radio, TV, Commerciele kranten], maar ook op individuen met name in Florida, die campagnes hebben gelanceerd waarin wordt opgeroepen tot gewelddadige straatprotesten om de regering omver te werpen.<\/p>\n\n\n\n<p>In het land zelf roepen personen die zich gesteund en beschermd voelen door Washington op tot subversieve demonstraties onder het voorwendsel van de moeilijke economische situatie als gevolg van de blokkade (een situatie die nog wordt verergerd door Covid- zoals in alle andere landen).<\/p>\n\n\n\n<p>Zij doen dit ongeacht de geldende wetten, die elke aanval op het uitvoerende politieke systeem verbieden, hetgeen in alle staten van de wereld een vanzelfsprekendheid is. Dit geldt des te meer wanneer de acties door een buitenlandse mogendheid worden ge\u00efnitieerd.<\/p>\n\n\n\n<p>Wij, ondergetekenden, roepen de regering van de Verenigde Staten nogmaals op een einde te maken aan de onmenselijke blokkade tegen Cuba en haar pogingen te staken om een natie te destabiliseren die nog nooit haar veiligheid bedreigd heeft, laat staan zich met haar binnenlandse aangelegenheden heeft bemoeid of het Amerikaanse volk heeft gevraagd de bestaande orde te ondermijnen, ondanks de veelvuldige en ernstige interne sociale problemen van deze wereldmacht.<\/p>\n\n\n\n<p>10 november 2021<\/p>\n\n\n\n<p>Op initiatief van Ignacio Ramonet, journalist, Spanje; Hernando Calvo Ospina, schrijver, Frankrijk; Atilio Bor\u00f3n, socioloog, Argentini\u00eb en Fernando Buen Abad, filosoof, Mexico, ondertekenen wij:<\/p>\n\n\n\n<p>Dilma Roussef, expresidenta de Brasil<br \/>Rafael Correa, expresidente de Ecuador<br \/>Jos\u00e9 Manuel Zelaya, expresidente de Honduras<br \/>Ernesto Samper Pizano, expresidente de Colombia.<br \/>Adolfo P\u00e9rez Esquivel, Premio Nobel de la Paz, Argentina<br \/>Mart\u00edn Almada, Premio Nobel Alternativo, Paraguay<br \/>Pablo Gonz\u00e1lez Casanova, Premio Unesco, M\u00e9xico<br \/>Alfred de Zayas, experto independiente ONU, EE. UU.<br \/>Jean Ziegler, exrelator Especial, ONU, Suiza<br \/>C\u00e9sar Luis Menotti, exentrenador de la selecci\u00f3n de f\u00fatbol de Argentina<br \/>Monse\u00f1or Jacques Gaillot, Francia<br \/>Leonardo Boff, te\u00f3logo de la liberaci\u00f3n, Brasil<br \/>Marcelo Barros, monje benedictino, Brasil.<br \/>Heinz Bierbaum, eurodiputado, presidente del Partido de la Izquierda Europea, Alemania<br \/>Maite Mola, eurodiputada, vicepresidenta del Partido de la Izquierda Europea, Espa\u00f1a<br \/>Manu Pineda, eurodiputado, Espa\u00f1a<br \/>Yeidckol Polevnsky, C\u00e1mara de Diputados, M\u00e9xico<br \/>H\u00e9ctor D\u00edaz-Polanco, diputado, ciudad de M\u00e9xico, M\u00e9xico<br \/>Bert Anciaux, senador, B\u00e9lgica<br \/>Carlo Sommaruga, senador, Suiza<br \/>Mar\u00eda de Lourdes Santiago, senadora, Puerto Rico<br \/>Fran\u00e7ois-Michel Lambert, diputado, Francia<br \/>Andr\u00e9 Chassaigne, diputado, Francia<br \/>Miguel Mej\u00eda, ministro, Rep\u00fablica Dominicana<br \/>Juan E. Romero, diputado de la Asamblea Nacional, Venezuela<br \/>Michele de Col, concejal de Venecia, Italia<br \/>Dmitrij Palagi, concejal de Florencia, Italia<br \/>Thanasis Petrakos, consejero Regional, Grecia<br \/>Jos\u00e9 Agualsaca, legislador, Ecuador.<br \/>Costas Isychos, exministro alterno de defensa, exdiputado, Grecia<br \/>Dimitris Stratoulis, exdiputado, exministro, Grecia<br \/>Nandia Valavani, exviceministra de Finanzas y exdiputada, Grecia<br \/>Olivio Dutra, exministro, Brasil<br \/>Paulo Vanucchi, exministro, Brasil<br \/>Juan Ram\u00f3n Quintana, exministro, Bolivia<br \/>Paolo Ferrero, exministro, Italia<br \/>Ricardo Pati\u00f1o, exministro, Ecuador<br \/>Galo Chiriboga, exfiscal, Ecuador<br \/>Gabriela Rivadeneira, expresidenta de la Asamblea Nacional, Ecuador<br \/>Piedad C\u00f3rdoba, exsenadora, Colombia<br \/>Giovanni Russo Spena, exsenador, Italia<br \/>Leonardo Caponi, exsenador, Italia<br \/>Eleonora Forenza,<br \/>exdiputada europea, Italia<br \/>Juliana Isabel Marino, exembajadora, Argentina<br \/>Rosa Rinaldi, exvicepresidenta, provincia de Roma, Italia<br \/>Blanca Flor Bonilla, exdiputada, El Salvador<br \/>Kenarik Boujikian, exjuez del TJ-SP, Brasil<br \/>Carlos Viteri, exdiputado, Ecuador.<br \/>Fidel Narv\u00e1ez, diplom\u00e1tico, Ecuador<br \/>Juan Carlos Monedero, Partido Podemos, Espa\u00f1a<br \/>Joao Pedro Stedile, Movimiento de los Sin Tierra, Brasil<br \/>Tania D\u00edaz Gonz\u00e1lez, diputada y vicepresidenta de Comunicaci\u00f3n del PSUV, Venezuela<br \/>Mauricio Acerbo, secretario nacional de Refundaci\u00f3n Comunista, Italia<br \/>Marco Consolo, relaciones internacionales de Refundaci\u00f3n Comunista, Italia<br \/>Andrea Ferroni, coordinador nacional de Juventud Comunista, Italia<br \/>Izquierda Unida, Espa\u00f1a<br \/>Partido Comunista de Espa\u00f1a<br \/>Partido Comunista de los Pueblos de Espa\u00f1a<br \/>Partido Comunista de Espa\u00f1a (m-l)<br \/>Rub\u00e9n S\u00faarez Ciria, Frente Amplio, Uruguay<br \/>Lois L\u00f3pez Leoira, Internacional antimperialista de los pueblos, Argentina<br \/>Ana Valentino, Movimiento Octubres, Argentina<br \/>Manuel Bertoldi, Frente Patria Grande, Argentina<br \/>Franco Zunino, presidente ARCI, Savona, Italia<br \/>Jos\u00e9 Escoda, Frente Socialista, Puerto Rico<br \/>Oscar Bonilla, Acci\u00f3n Pol\u00edtica, Ecuador<br \/>Cristian Armando, Fundaci\u00f3n Sue\u00f1os Colectivos, Argentina<br \/>Ricardo Ulcuango, dirigente ind\u00edgena, Ecuador<br \/>Kanelis Giorgos, vicesecretario de Centro Laboral Kalamata, Grecia<br \/>Pratis Dimitris, Sindicato DOY Mesinias, Grecia<br \/>Fernando Cardozo, CTA Aut\u00f3noma, Argentina<br \/>Mariano Ciafardini, Partido Solidario, Argentina.<br \/>Chico Buarque, m\u00fasico, Brasil<br \/>Willie Toledo, actor, Espa\u00f1a<br \/>Norman Briski, actor, Argentina<br \/>Chabela Rodr\u00edguez, cantora, Puerto Rico<br \/>Daniel Devita, m\u00fasico, Argentina<br \/>Chico D\u00edaz, actor, Brasil<br \/>Takis Vamvakidis, actor, Grecia<br \/>Pierre Carles, cineasta, Francia<br \/>Adorno Mart\u00edn, director de Cine, Argentina<br \/>Tania Hermida, cineasta, Ecuador<br \/>Ricardo Kiko Cerone, director teatral, Argentina<br \/>Enrique Dacal, director teatral, Argentina<br \/>Jorge Falcone, documentalista, Argentina<br \/>Paula Ferr\u00e9, trovadora, Argentina<br \/>Fabi\u00e1n Bertero, m\u00fasico, Argentina<br \/>Facundo Jofre, trovador, Argentina<br \/>Solimar Ort\u00edz Jusino, poeta, Puerto Rico<br \/>William P\u00e9rez Vega, Poetas en Marcha, Puerto Rico<br \/>Juan Camacho, poeta, Puerto Rico<br \/>Francis Combes, poeta, Francia<br \/>Ra\u00fal Zurita, poeta, Chile<br \/>Jaime Svart, poeta, Chile\/Grecia<br \/>Mauricio Vidales, poeta, Colombia<br \/>Manuel Santos I\u00f1urrieta, dramaturgo, Argentina<br \/>Cachito Vera, gestor cultural, Ecuador<br \/>Pablo Guayasamin, gestor cultural, Ecuador<br \/>Techi Cusmanich, gestora cultural, Paraguay<br \/>Javier Etayo, humorista, Pa\u00eds Vasco<br \/>Pilar Bustos, artista, Ecuador<br \/>Mar\u00eda Centeno, artista, Venezuela<br \/>Martha Moreleon, artista, M\u00e9xico\/Grecia<br \/>Pavel Eguez, pintor, Ecuador<br \/>Ilonka Vargas, artista, Ecuador<br \/>Loukia Konstantinou, Centro Cultural Nuestra Am\u00e9rica, Grecia<br \/>Fernando Morais, escritor, Brasil<br \/>Frei Betto, escritor, Brasil<br \/>Luis Britto Garc\u00eda, escritor, Venezuela<br \/>Michel Collon, escritor, B\u00e9lgica<br \/>Panagiotis Maniatis, escritor, Grecia<br \/>Argentina Chiriboga, escritora, Ecuador<br \/>Vicente Battista, escritor, Argentina<br \/>Tasos Kantaras, escritor, Grecia<br \/>Galo Mora, escritor, Ecuador<br \/>Jos\u00e9 Regato, escritor, Ecuador<br \/>Jenny Londo\u00f1o, escritora, Ecuador.<br \/>Patricia Villegas, presidenta de Telesur, Venezuela<br \/>Wafi Ibrahim, periodista, L\u00edbano<br \/>Manuel Cabieses, periodista, Chile<br \/>Stella Calloni, periodista, Argentina<br \/>Mario Silva, periodista, Venezuela<br \/>Gustavo Veiga, periodista, Argentina<br \/>Maxime Vivas, periodista, Francia<br \/>Cathy Dos Santos, periodista, Francia<br \/>Pascual Serrano, periodista, Espa\u00f1a<br \/>Geraldina Colotti, periodista, Italia<br \/>Orlando P\u00e9rez, periodista, Ecuador<br \/>Carlos Azn\u00e1rez, periodista, Argentina<br \/>Ivano Iogna Prat, periodista, Luxemburgo<br \/>Mery Kampouraki, periodista, Grecia<br \/>Maria Kaliva, periodista, Grecia<br \/>Daniele Biacchessi, periodista, Italia<br \/>Juan Carlos Espinal, periodista, Rep\u00fablica Dominicana<br \/>Ascanio Bernardeschi, periodista, Italia<br \/>Kintto Lucas, periodista, Ecuador<br \/>Telma Luzzani, periodista, Argentina<br \/>Jos\u00e9 Manzaneda, Cuba Informaci\u00f3n, Espa\u00f1a<br \/>Jorge Elbaum, periodista, Argentina<br \/>Fabrizio Casari, periodista, Italia<br \/>Sandra Russo, periodista, Argentina<br \/>Omar Ospina, periodista, Ecuador<br \/>Sally Burch, periodista, Ecuador<br \/>Xavier Lasso, periodista, Ecuador<br \/>Elaine Tavares, periodista, Brasil<br \/>Mabel Elina Cury, periodista, Argentina<br \/>Horacio Finoli, periodista, Argentina<br \/>Patricia Latour, periodista, Francia<br \/>Fernando Arellano Ortiz, periodista, Colombia<br \/>Vaquelis Gonatas, Red Solid@ria, Grecia.<br \/>Beinusz Smukler, Asociaci\u00f3n Americana de Juristas, EE. UU.<br \/>Carol Proner, jurista, Brasil<br \/>Eduardo \u00abTuto\u00bb Villanueva, abogado, Puerto Rico<br \/>Wilma Rever\u00f3n Collazo, abogada, Puerto Rico<br \/>Paul-Emile Dupret, jurista, B\u00e9lgica<br \/>Carmen Diniz, jurista, Brasil<br \/>Yiannis Rachiotis, abogado, Grecia<br \/>Geovy Jaramillo, abogado, Ecuador<br \/>Gianluca Schiavon, jurista, Italia<br \/>H\u00e9ctor Ortega, abogado, Espa\u00f1a<br \/>Karla D\u00edaz Mart\u00ednez, abogada, Chile.<br \/>Glenna Cabello, polit\u00f3loga, Venezuela<br \/>Gianni Vattimo, fil\u00f3sofo, Italia<br \/>Graciela Ram\u00edrez, activista, Argentina<br \/>Milagros Rivera, dirigente social, Puerto Rico<br \/>Irene Le\u00f3n, soci\u00f3loga, Ecuador<br \/>Paul Estrade, catedr\u00e1tico, Francia<br \/>Paula Klachko, soci\u00f3loga, Argentina<br \/>Arantxa Tirado, polit\u00f3loga, Espa\u00f1a<br \/>Pasquale Voza, catedr\u00e1tico, Italia<br \/>Angelo Baracca, catedr\u00e1tico, Italia<br \/>Francisco Sierra Caballero, catedr\u00e1tico, Espa\u00f1a<br \/>Ana Esther Cece\u00f1a, catedr\u00e1tica, M\u00e9xico<br \/>Waldir Rampinelli, catedr\u00e1tico, Brasil<br \/>Nildo Domingos, catedr\u00e1tico, Brasil<br \/>Emilio H. Taddei, catedr\u00e1tico, Argentina<br \/>Ioannis Kouzis , catedr\u00e1tico, Grecia<br \/>Juan Torres L\u00f3pez, catedr\u00e1tico, Espa\u00f1a<br \/>Andrea Vento, docente, Italia<br \/>Themis Tzimas, catedr\u00e1tico, Grecia<br \/>Dimitris Katsonis, catedr\u00e1tico, Grecia<br \/>Gonzalo Perera\n, matem\u00e1tico, Uruguay<br \/>Rosella Franconi, biotecn\u00f3loga, Italia<br \/>Fabrizio Chiodo, cient\u00edfico, Italia<br \/>Cl\u00f3vis Cavalcanti, economista ecol\u00f3gico, Brasil<br \/>Rosella Franconi, investigadora, Italia<br \/>Gilberto L\u00f3pez y Rivas, antrop\u00f3logo, M\u00e9xico<br \/>Alicia Castellanos, antrop\u00f3loga, M\u00e9xico<br \/>Tiziano Tussi, Comit\u00e9 Cient\u00edfico CESPI, Italia<br \/>Giovanna Di Matteo, ge\u00f3grafa, Italia<br \/>Luis E. Wainer, soci\u00f3logo, Argentina<br \/>David Ch\u00e1vez, soci\u00f3logo, Ecuador<br \/>Juan Paz y Mi\u00f1o, historiador, Ecuador<br \/>Eirini Nedelkou, arquitecta, Grecia<br \/>Mario Della Rocca, investigador, Argentina<br \/>Erika Silva, soci\u00f3loga, Ecuador<br \/>Julio Pe\u00f1a y Lillo, soci\u00f3logo, Ecuador<br \/>Mar\u00eda Fernanda Barreto, investigadora, Venezuela<br \/>Nelson Rolim de Moura, editor, Brasil<br \/>Pedro P\u00e1ez, economista, Ecuador<br \/>Miguel Ruiz, economista, Ecuador<br \/>Ricardo S\u00e1nchez, economista, Ecuador<br \/>Melania Mora, economista, Ecuador<br \/>Cristian Orosco, economista, Ecuador<br \/>Mario Ramos, soci\u00f3logo, Ecuador<br \/>Alessandro Fanetti, investigador, Italia<br \/>Rafael Quintero, soci\u00f3logo, Ecuador.<br \/>Movimiento Estatal de Solidaridad con Cuba, Espa\u00f1a<br \/>MediCuba, Espa\u00f1a<br \/>Sodepaz, Espa\u00f1a<br \/>Samuel Wanitsch, coordinaci\u00f3n de la Asociaci\u00f3n Suiza-Cuba<br \/>Marco Papacci, presidente de la Asociaci\u00f3n Italia-Cuba<br \/>Didier Philippe, presidente de la Asociaci\u00f3n Francia-Cuba<br \/>V\u00edctor Fern\u00e1ndez, presidente de Cuba Cooperaci\u00f3n, Francia<br \/>Didier Lalande, presidente de la Asociaci\u00f3n Cuba Linda, Francia<br \/>Charly Bouhana, presidente de la Asociaci\u00f3n Cuba S\u00ed, Francia<br \/>Roberto Casella, C\u00edrculo Granma Italia-Cuba<br \/>Anna Serena Bartolucci, presidente de AsiCuba, Italia.<\/p>\n\n\n\n<p>Topfoto: Logo van de campagne Cuba Vive. <strong>Foto:<\/strong> van Twitter-account van de President<\/p>\n\n\n\n<hr class=\"wp-block-separator\"\/>\n\n\n\n<ul class=\"wp-block-list\"><li><a href=\"https:\/\/openbaararchief.nl\/caribic\/2021\/11\/14\/us-gebruikt-de-effecten\/\">US gebruikt de effecten van haar illegale blokkade als wapen om interne wanorde en chaos te cre\u00ebren tegen Revolutionair Cuba!<\/a> &#8211;  US-peace-council, 14 november 2021<\/li><li><a href=\"https:\/\/openbaararchief.nl\/caribic\/2021\/11\/09\/vs-financieren-subversie-in-cuba\/\">VS financieren subversie in Cuba via internationale prijzen<\/a> &#8211; telesur 9 november 2021<\/li><li><a href=\"https:\/\/openbaararchief.nl\/caribic\/2021\/10\/26\/cubaanse-president-veroordeelt-pogingen-vs\/\">Cubaanse president veroordeelt pogingen VS om orde in Cuba te ondermijnen<\/a> \u2013 telesur 25 oktober 2021<\/li><li><a href=\"https:\/\/openbaararchief.nl\/caribic\/2021\/10\/21\/meerdere-ngos-onderdeel-vs-pogingen\/\">Meerdere ngo\u2019s onderdeel VS-pogingen tot regime change in Latijns-Amerika<\/a> \u2013 Manuel Zelaya, Lois P\u00e9rez Leira, dewereldmorgen 21 oktober 2021<\/li><li><a href=\"https:\/\/openbaararchief.nl\/caribic\/2021\/08\/05\/het-goede-volk-dat-cuba-internet-zal-geven\/\">Het \u2018goede\u2019 volk dat Cuba internet zal geven<\/a> \u2013 Rosa Miriam Elizalde Cubadebate 5 augustus 2021 resumen-english 5 augustus 2021<\/li><li><a href=\"https:\/\/openbaararchief.nl\/caribic\/2021\/07\/29\/panamericanisme-dekoloniseren\/\">Pan-Americanisme dekoloniseren<\/a> \u2013 William Camacaro en Frederick Mills coha.org, Washington DC, 29 Juli 2021<\/li><li><a href=\"https:\/\/openbaararchief.nl\/caribic\/2021\/07\/26\/de-verdediging-van-de-cubaanse-revolutie\/\">De verdediging van de Cubaanse revolutie is een strijd tegen het fascisme<\/a> \u2013 Jos\u00e9 Luis Granados Ceja (@GranadosCeja) kawsachunnews 26 juli 2021<\/li><li><a href=\"https:\/\/openbaararchief.nl\/caribic\/2021\/07\/22\/washington-slaat-op-de-trom\/\">Washington slaat op de trom van regimewisseling, maar Cuba antwoordt met zijn revolutionaire ritme<\/a> \u2013 Vijay Prashad \u2013 De 29ste Nieuwsbrief thetricontinental.org 22 Juli 2021<\/li><li><a href=\"https:\/\/openbaararchief.nl\/caribic\/2021\/07\/22\/cuba-meldt-nieuwe-destabilisatiepogingen-van-de-vs\/\">Cuba meldt nieuwe destabilisatiepogingen van de VS, mediacampagne<\/a> \u2013 telesur 22 juli 2021<\/li><li><a href=\"https:\/\/openbaararchief.nl\/caribic\/2021\/07\/19\/ontmaskerd-nepnieuwscampagne-geeft-verkeerd-beeld-van-demonstraties-in-havana\/\">Ontmaskerd: Nepnieuwscampagne geeft verkeerd beeld van demonstraties in Havana<\/a> \u2013 laiguana.tv 18 Juli 2021 orinocotribune 19 Juli 2021<\/li><li><a href=\"https:\/\/openbaararchief.nl\/caribic\/2021\/07\/16\/de-vs-is-verantwoordelijk-voor-de-recente-onrust\/\">De VS is verantwoordelijk voor de recente onrust in het Caribisch gebied<\/a> \u2013 Andrew Korybko oneworld.press 16 jul, 2021<\/li><li><a href=\"https:\/\/openbaararchief.nl\/caribic\/2021\/07\/16\/de-recente-onrust-in-cuba\/\">De recente onrust in Cuba: schoolvoorbeeld van fake news en mediaoorlog<\/a> \u2013 Marc Vandepitte cubanismo op 16 juli 2021<\/li><li><a href=\"https:\/\/openbaararchief.nl\/caribic\/2021\/07\/15\/rusland-heeft-felle-kritiek-op-kleurenrevolutie\/\">Rusland heeft felle kritiek op poging VS voor onrust in Cuba uitlokken als onderdeel van \u2018kleurenrevolutie\u2019<\/a> \u2013 PressTV 15 juli 2021<\/li><li><a href=\"https:\/\/openbaararchief.nl\/caribic\/2021\/07\/15\/cuba-onrust-en-inmenging\/\">Cuba: onrust en inmenging van de VS. Boodschappen van Roger Waters en Vijay Prashad<\/a> \u2013 cubanismo 15 juli 2021<\/li><li><a href=\"https:\/\/openbaararchief.nl\/caribic\/2021\/07\/12\/valse-sociale-media-actie-cuba-incident\/\">Valse sociale media-actie uit het buitenland zet Cuba-incident in werking<\/a> \u2013 Telesur 12 Juli 2021<\/li><li><a href=\"https:\/\/openbaararchief.nl\/caribic\/2021\/02\/10\/washington-spendeerde-50-miljoen-dollar-aan-subversieve-acties-tegen-cuba\/\">Washington spendeerde sinds 2000 openlijk zo\u2019n 250 miljoen dollar aan subversieve acties tegen Cuba<\/a> \u2013 misionverdad 8 februari 2021<\/li><li><a href=\"https:\/\/openbaararchief.nl\/caribic\/2020\/03\/27\/gezamelijke-brief-aan-de-vn\/\">Gezamelijke brief aan de VN van acht staten die door de eenzijdige dwangmaatregelen van de VS, belemmerd worden de uitbraak van de Covid-19 pandemie tegen te gaan<\/a> &#8211; Permanente missies van 8 staten bij de VN<\/li><li><a href=\"https:\/\/openbaararchief.nl\/caribic\/2019\/12\/20\/de-magnitsky-act-komt-naar-de-eu\/\">De Magnitsky Act komt naar de EU: Een door Nederland voorgestelde sanctieregeling voor de mensenrechten<\/a> &#8211; Netherlands Helsinki Committee 20 december 2019<\/li><li><a href=\"https:\/\/openbaararchief.nl\/caribic\/2019\/06\/30\/unilaterale-sancties-en-internationale-wetgeving\/\">Unilaterale Sancties en Internationale Wetgeving<\/a> &#8211; Alfred de Zayas, dezayasalfred.wordpress.com 30 juni 2019<\/li><li><a href=\"https:\/\/openbaararchief.nl\/caribic\/2019\/05\/06\/sancties-van-de-vs-schenden-mensenrechten-en-de-internationale-gedragscode\/\">Sancties van de VS schenden mensenrechten en de internationale gedragscode<\/a> &#8211; Verenigde Naties, OHCHR 6 mei 2019<\/li><li><a href=\"https:\/\/openbaararchief.nl\/caribic\/2019\/01\/29\/sancties-voor-massa-vernietiging-de-amerikaanseoorlog-tegen-venezuela\/\">Sancties voor Massa Vernietiging: de Amerikaanse oorlog tegen Venezuela<\/a> &#8211; Garikai Chengu op global research 30 januari 2019<\/li><\/ul>\n","protected":false},"excerpt":{"rendered":"<p>Ondertekend door 220+ bekende persoonlijkheden en organisaties Bron: Internationale redactie granma.cu 10 november 2021 ~~~ Aan de internationale gemeenschap De Verenigde Staten handhaven al meer dan zestig jaar een blokkade tegen Cuba. Sinds de jaren negentig heeft Washington een reeks wetten uitgevaardigd die de situatie nog verergeren en de mogelijkheden om voedsel te kopen trachten&hellip; <a class=\"more-link\" href=\"https:\/\/www.cubasolidair.nl\/?p=8489\">Continue reading <span class=\"screen-reader-text\">Brief aan de internationale gemeenschap tegen de blokkade en pogingen Cuba te destabiliseren<\/span><\/a><\/p>\n","protected":false},"author":1,"featured_media":12130,"comment_status":"open","ping_status":"closed","sticky":false,"template":"","format":"standard","meta":{"footnotes":""},"categories":[7],"tags":[15,20,21],"class_list":["post-8489","post","type-post","status-publish","format-standard","has-post-thumbnail","hentry","category-hoc-nl","tag-ucm","tag-regime-change","tag-sabotage","entry"],"_links":{"self":[{"href":"https:\/\/www.cubasolidair.nl\/index.php?rest_route=\/wp\/v2\/posts\/8489","targetHints":{"allow":["GET"]}}],"collection":[{"href":"https:\/\/www.cubasolidair.nl\/index.php?rest_route=\/wp\/v2\/posts"}],"about":[{"href":"https:\/\/www.cubasolidair.nl\/index.php?rest_route=\/wp\/v2\/types\/post"}],"author":[{"embeddable":true,"href":"https:\/\/www.cubasolidair.nl\/index.php?rest_route=\/wp\/v2\/users\/1"}],"replies":[{"embeddable":true,"href":"https:\/\/www.cubasolidair.nl\/index.php?rest_route=%2Fwp%2Fv2%2Fcomments&post=8489"}],"version-history":[{"count":1,"href":"https:\/\/www.cubasolidair.nl\/index.php?rest_route=\/wp\/v2\/posts\/8489\/revisions"}],"predecessor-version":[{"id":12243,"href":"https:\/\/www.cubasolidair.nl\/index.php?rest_route=\/wp\/v2\/posts\/8489\/revisions\/12243"}],"wp:featuredmedia":[{"embeddable":true,"href":"https:\/\/www.cubasolidair.nl\/index.php?rest_route=\/wp\/v2\/media\/12130"}],"wp:attachment":[{"href":"https:\/\/www.cubasolidair.nl\/index.php?rest_route=%2Fwp%2Fv2%2Fmedia&parent=8489"}],"wp:term":[{"taxonomy":"category","embeddable":true,"href":"https:\/\/www.cubasolidair.nl\/index.php?rest_route=%2Fwp%2Fv2%2Fcategories&post=8489"},{"taxonomy":"post_tag","embeddable":true,"href":"https:\/\/www.cubasolidair.nl\/index.php?rest_route=%2Fwp%2Fv2%2Ftags&post=8489"}],"curies":[{"name":"wp","href":"https:\/\/api.w.org\/{rel}","templated":true}]}}