
{"id":9837,"date":"2022-11-03T23:50:00","date_gmt":"2022-11-03T21:50:00","guid":{"rendered":"https:\/\/openbaararchief.nl\/caribic\/?p=9837"},"modified":"2024-02-28T10:51:06","modified_gmt":"2024-02-28T10:51:06","slug":"verenigde-naties-stemmen-over-de-vs-blokkade","status":"publish","type":"post","link":"https:\/\/www.cubasolidair.nl\/?p=9837","title":{"rendered":"Verenigde Naties stemmen over de VS-blokkade tegen Cuba"},"content":{"rendered":"\n<p>Bron:<a href=\"https:\/\/cubanismo.be\/nl\/artikels\/verenigde-naties-stemmen-over-de-vs-blokkade-tegen-cuba-update\"> cubanismo,  3 november 2022 <\/a>~~~<\/p>\n\n\n\n<p><\/p>\n\n\n\n<p><strong>Vandaag sprak de Algemene Vergadering (AV) van de VN zich voor de dertigste keer uit over de VS-blokkade tegen Cuba: 185 landen stemden voor de Cubaanse resolutie, 2 stemden tegen (VS en Isra\u00ebl) en 2 landen onthielden zich (Oekra\u00efne en Brazili\u00eb).<\/strong><\/p>\n\n\n\n<!--more-->\n\n\n\n<p>Gisteren stelde Cuba zijn resolutie voor en spraken woordvoerders van verschillende landen de AV toe: Argentina (namens de Gemeenschap van Latijns-Amerikaanse landen en de Cara\u00efben \u2013 CELAC), Azerbeidjan (namens de Beweging van Niet-Gebonden Landen, die 120 landen verenigt), Singapour (namens de Associatie van Zuid-Oost-Aziatische Naties, ASEAN), Pakistan (namens de G-77 + China), Egypte (namens de Organisatie voor Islamitische Samenwerking), Mozambique (namens de Afrikaanse Groep), Venezuela, Mexico, Honduras, Bolivia, Namibi\u00eb, Equatoriaal Guinea, China, Noord-Korea, Vietnam, Wit-Rusland, Rusland, Syrie, Colombia, de Filipijnen \u2026<\/p>\n\n\n\n<p>Vandaag zullen ook Syri\u00eb, Colombia, Cambodja, Zuid-Afrika, India etc. hun stem laten horen.<\/p>\n\n\n\n<p>Volgens de laatste cijfers kostte de blokkade tussen augustus 2021 en februari 2022 alleen al ongeveer 3.806 miljoen USD, 47% meer dan in de periode januari-juli 2021. In lopende prijzen bedraagt de schade tot januari 2022 niet minder dan 154.217 miljoen USD.<\/p>\n\n\n\n<p>In de marge van de AV ondertekenden 18 ex-presidenten een brief aan VS-president Biden waarin ze om de opheffing van de blokkade vragen: Dilma Rousseff (Brazili\u00eb), Jos\u00e9 Pepe Mujica (Uruguay), Ernesto Samper (Colombia), Juan Manuel Santos (Colombia), Evo Morales (Bolivia), Mart\u00edn Torrijos (Panam\u00e1), Rafael Correa (Ecuador), Vinicio Cerezo (Guatemala), Leonel Fern\u00e1ndez (Dominicana), Keith Mitchell (Granada), Kenny Anthony (Santa Luc\u00eda), David Granger (Guyana), Moses Nagamootoo (Guyana), Donald Ramotar (Guyana), Percival James Patterson (Jamaica), Said Musa (Belice), Winston Baldwin Spencer (Antigua y Barbuda) en Dean Barrow (Belice).<\/p>\n\n\n\n<p>Wereldwijd voerden solidariteitsbewegingen actie tegen de blokkade. Cubanismo.be vierde de overwinning mee op de Cubaanse ambassade in Brussel.<\/p>\n\n\n\n<p>Meer <a href=\"https:\/\/cubanismo.be\/nl\/artikels\/nieuws\">Nieuws  &#8211;  op Cubanismo.be<\/a> <\/p>\n\n\n\n<hr class=\"wp-block-separator has-css-opacity\"\/>\n\n\n\n<ul class=\"wp-block-list\">\n<li><a href=\"https:\/\/openbaararchief.nl\/caribic\/2022\/11\/03\/verklaring-van-cuba-op-de-unga\/\">Verklaring van Cuba op de UNGA, ter verdediging van Resolutie \u201cNoodzaak om de VS-Blokkade tegen Cuba te beeindigen\u201d<\/a> &#8211; VN, Cuba minrex 3 oktober 2022<\/li>\n\n\n\n<li><a href=\"https:\/\/youtu.be\/PD8PYHIuMwY?t=882\">Toespraak van Yoerky S\u00e1nchez Cuellar op de <\/a><a href=\"https:\/\/youtu.be\/PD8PYHIuMwY?t=882https:\/\/youtu.be\/PD8PYHIuMwY?t=879\">forumdiscussie<\/a><a href=\"https:\/\/youtu.be\/PD8PYHIuMwY?t=882\"> <em>\u201clinks, terug van nooit weggeweest in Latijns-Amerika\u201d<\/em><\/a>, (met NL-synchroonvertaling) \u2013 Manifiesta Oostende, Belgie, 18 september 2022<\/li>\n\n\n\n<li><a href=\"https:\/\/openbaararchief.nl\/caribic\/2022\/09\/04\/de-vs-blijft-erop-gokken-dat-cuba-zich-overgeeft\/\">De VS blijft erop gokken dat Cuba zich overgeeft uit honger en wanhoop<\/a> \u2013 Gustavo A Maranges Resumen Latinoamericano, 4 september 2022<\/li>\n\n\n\n<li><a href=\"https:\/\/openbaararchief.nl\/caribic\/2022\/07\/31\/vierde-linkse-golf-in-latijns-amerika\/\">Vierde linkse golf in Latijns-Amerika sinds de Cubaanse revolutie is sociaal-democratisch<\/a> \u2013 Vijay Prashad peoplesdemocracy 21 juli 2022<\/li>\n\n\n\n<li><a href=\"https:\/\/openbaararchief.nl\/caribic\/2022\/07\/11\/washington-zet-economische-oorlog-tegen-cuba-voort\/\">Washington zet economische oorlog tegen Cuba voort ondanks politiek isolement<\/a> \u2013 Ike Nahem us-cubanormalization 11 juli 2022<\/li>\n\n\n\n<li><a href=\"https:\/\/openbaararchief.nl\/caribic\/2022\/06\/08\/top-van-de-amerikas-met-gastland-vs-wie-komt-en-wie-niet\/\">Top van de Amerika\u2019s met gastland VS: wie komt en wie niet?<\/a> \u2013 Marta Andujo amerika21 8 juni 2022<\/li>\n\n\n\n<li><a href=\"https:\/\/openbaararchief.nl\/caribic\/2022\/05\/24\/our-hemisphere-vs-nuestra-america-vs-geconfronteerd-met-boycot-door-haar-latijns-amerikaanse-buren\/\">\u2018Our hemisphere\u2019 vs \u2018Nuestra America\u2019: VS geconfronteerd met boycot door haar Latijns-Amerikaanse buren<\/a> \u2013 Bradley Blankenship @BradBlank_ RT, 24 mei 2022<\/li>\n\n\n\n<li><a href=\"https:\/\/openbaararchief.nl\/caribic\/2022\/05\/16\/de-topconferentie-van-amerika-kan-bidens-blamage-voor-het-buitenlands-beleid-worden\/\">De topconferentie van Amerika kan Biden\u2019s blamage voor het buitenlands beleid worden<\/a> \u2013 John Perry, popularresistance 16 mei 2022<\/li>\n\n\n\n<li><a href=\"https:\/\/openbaararchief.nl\/caribic\/2022\/05\/12\/latijns-amerika-boycot-de-amerikaanse-top-van-de-vs\/\">Latijns-Amerika boycot de \u201cAmerikaanse Top\u201d van de Verenigde Staten<\/a> \u2013 Midwestern Marx 12 mei 2022<\/li>\n\n\n\n<li><a href=\"https:\/\/openbaararchief.nl\/caribic\/2022\/01\/18\/miljoenen-amerikaanse-dollars-om-cuba-te-destabiliseren\/\">Miljoenen Amerikaanse dollars om Cuba te destabiliseren<\/a> \u2013 Internacional news staff informacion@granmai.cu 18 januari 2022<\/li>\n\n\n\n<li><a href=\"https:\/\/openbaararchief.nl\/caribic\/2022\/01\/11\/cuba-shows-solidarity-alternative-to-big-pharma-on-covid-19\/\">Cuba Shows Solidarity Alternative to Big Pharma on COVID-19<\/a> \u2013 telesur 11 januari 2022<\/li>\n\n\n\n<li><a href=\"https:\/\/openbaararchief.nl\/caribic\/2022\/01\/09\/amerikaanse-staatsgrepen-en-pogingen-tot-staatsgrepen-in-latijns-amerika-in-de-21e-eeuw\/\">Amerikaanse staatsgrepen en pogingen tot staatsgrepen in Latijns-Amerika in de 21e eeuw<\/a> \u2013 Stansfield Smith orinocotribune 9 januari 2022<\/li>\n\n\n\n<li><a href=\"https:\/\/openbaararchief.nl\/caribic\/2021\/12\/29\/wat-brengt-2022-voor-het-latijns-amerikaanse-continent\/\">Wat brengt 2022 voor het Latijns-Amerikaanse continent?<\/a> \u2013 Kasper Libeert cubanismo 29 december 2021<\/li>\n\n\n\n<li><a href=\"https:\/\/openbaararchief.nl\/caribic\/2021\/12\/08\/wat-je-niet-hoort-te-weten-over-cuba-en-venezuela\/\">Wat je niet hoort te weten over Cuba en Venezuela<\/a> \u2013 Ted Snider AntiWar 6 december 2021<\/li>\n\n\n\n<li><a href=\"https:\/\/openbaararchief.nl\/caribic\/2021\/11\/30\/waarover-hadden-leopoldo-lopez-en-yunior-garcia-een-onderonsje-in-madrid\/\">Waarover hadden Leopoldo L\u00f3pez en Yunior Garc\u00eda een onderonsje in Madrid?<\/a> \u2013 Jos\u00e9 Manuel Blanco D\u00edaz redradiove.com 29 november<\/li>\n\n\n\n<li><a href=\"https:\/\/openbaararchief.nl\/caribic\/2021\/11\/18\/fake-news-voor-beginners_cuba-protest\/\">Fake news voor beginners: President betoogt tegen eigen regering?<\/a> \u2013 cubanismo 18 november 2021<\/li>\n\n\n\n<li><a href=\"https:\/\/openbaararchief.nl\/caribic\/2021\/11\/10\/brief-aan-de-internationale-gemeenschap-tegen-de-blokkade-van-cuba\/\">Brief aan de internationale gemeenschap tegen de blokkade en pogingen Cuba te destabiliseren<\/a> \u2013 Internationale redactie granma.cu 10 november 2021<\/li>\n\n\n\n<li><a href=\"https:\/\/openbaararchief.nl\/caribic\/2021\/11\/09\/vs-financieren-subversie-in-cuba\/\">VS financieren subversie in Cuba via internationale prijzen<\/a> \u2013 telesur 9 november 2021<\/li>\n\n\n\n<li><a href=\"https:\/\/openbaararchief.nl\/caribic\/2021\/11\/02\/cuba-in-yunior-zien-we-de-creatie-van-een-contrarevolutionaire\/\">Cuba: In Yunior, zien we de creatie en het optreden van een contrarevolutionaire<\/a> \u2013 telesur 25 oktober 2021<\/li>\n\n\n\n<li><a href=\"https:\/\/openbaararchief.nl\/caribic\/2021\/10\/21\/meerdere-ngos-onderdeel-vs-pogingen\/\">Meerdere ngo\u2019s onderdeel VS-pogingen tot regime change in Latijns-Amerika<\/a> \u2013 Manuel Zelaya, Lois P\u00e9rez Leira, dewereldmorgen 21 oktober 2021<\/li>\n<\/ul>\n","protected":false},"excerpt":{"rendered":"<p>Bron: cubanismo, 3 november 2022 ~~~ Vandaag sprak de Algemene Vergadering (AV) van de VN zich voor de dertigste keer uit over de VS-blokkade tegen Cuba: 185 landen stemden voor de Cubaanse resolutie, 2 stemden tegen (VS en Isra\u00ebl) en 2 landen onthielden zich (Oekra\u00efne en Brazili\u00eb).<\/p>\n","protected":false},"author":1,"featured_media":12150,"comment_status":"closed","ping_status":"closed","sticky":false,"template":"","format":"standard","meta":{"footnotes":""},"categories":[7],"tags":[],"class_list":["post-9837","post","type-post","status-publish","format-standard","has-post-thumbnail","hentry","category-hoc-nl","entry"],"_links":{"self":[{"href":"https:\/\/www.cubasolidair.nl\/index.php?rest_route=\/wp\/v2\/posts\/9837","targetHints":{"allow":["GET"]}}],"collection":[{"href":"https:\/\/www.cubasolidair.nl\/index.php?rest_route=\/wp\/v2\/posts"}],"about":[{"href":"https:\/\/www.cubasolidair.nl\/index.php?rest_route=\/wp\/v2\/types\/post"}],"author":[{"embeddable":true,"href":"https:\/\/www.cubasolidair.nl\/index.php?rest_route=\/wp\/v2\/users\/1"}],"replies":[{"embeddable":true,"href":"https:\/\/www.cubasolidair.nl\/index.php?rest_route=%2Fwp%2Fv2%2Fcomments&post=9837"}],"version-history":[{"count":1,"href":"https:\/\/www.cubasolidair.nl\/index.php?rest_route=\/wp\/v2\/posts\/9837\/revisions"}],"predecessor-version":[{"id":12223,"href":"https:\/\/www.cubasolidair.nl\/index.php?rest_route=\/wp\/v2\/posts\/9837\/revisions\/12223"}],"wp:featuredmedia":[{"embeddable":true,"href":"https:\/\/www.cubasolidair.nl\/index.php?rest_route=\/wp\/v2\/media\/12150"}],"wp:attachment":[{"href":"https:\/\/www.cubasolidair.nl\/index.php?rest_route=%2Fwp%2Fv2%2Fmedia&parent=9837"}],"wp:term":[{"taxonomy":"category","embeddable":true,"href":"https:\/\/www.cubasolidair.nl\/index.php?rest_route=%2Fwp%2Fv2%2Fcategories&post=9837"},{"taxonomy":"post_tag","embeddable":true,"href":"https:\/\/www.cubasolidair.nl\/index.php?rest_route=%2Fwp%2Fv2%2Ftags&post=9837"}],"curies":[{"name":"wp","href":"https:\/\/api.w.org\/{rel}","templated":true}]}}